{"id":4336,"date":"2025-05-15T13:57:56","date_gmt":"2025-05-15T11:57:56","guid":{"rendered":"https:\/\/stationnomade.com\/blog\/comment-calculer-ses-besoins-en-energie-quand-on-vit-en-van-guide-ultra-simple-pour-vanlifers\/"},"modified":"2025-05-15T13:58:17","modified_gmt":"2025-05-15T11:58:17","slug":"comment-calculer-ses-besoins-en-energie-quand-on-vit-en-van-guide-ultra-simple-pour-vanlifers","status":"publish","type":"post","link":"https:\/\/stationnomade.com\/blog\/comment-calculer-ses-besoins-en-energie-quand-on-vit-en-van-guide-ultra-simple-pour-vanlifers\/","title":{"rendered":"Comment calculer ses besoins en \u00e9nergie quand on vit en van (guide ultra simple pour vanlifers)"},"content":{"rendered":"\n<p><strong>Calculer ses besoins en \u00e9nergie quand on vit en van<\/strong> para\u00eet souvent obscur : un frigo qui tire en continu, un ordinateur qui picote la batterie en pleine visioconf\u00e9rence, et soudain la crainte de la panne assombrit l\u2019horizon. Les cons\u00e9quences d\u2019un mauvais dimensionnement sont rarement anodines : nourriture g\u00e2ch\u00e9e, t\u00e9l\u00e9travail interrompu, batteries qui vieillissent pr\u00e9matur\u00e9ment\u2026 et stress permanent. Pourtant, la m\u00e9thode pour tourner le dos \u00e0 ces gal\u00e8res est plus simple qu\u2019elle n\u2019en a l\u2019air : comprendre la diff\u00e9rence entre puissance et \u00e9nergie, recenser chaque appareil, additionner ses Wh et choisir une station \u00e9lectrique adapt\u00e9e. Ce <strong>guide pas-\u00e0-pas<\/strong> rassemble tous les rep\u00e8res pour que le panneau solaire, la batterie et la station nomade s\u2019articulent comme un puzzle gagnant et lib\u00e8rent le vanlifer de la peur du noir.<\/p>\n\n\n\n<div id=\"ez-toc-container\" class=\"ez-toc-v2_0_82_2 counter-hierarchy ez-toc-counter ez-toc-grey ez-toc-container-direction\">\n<div class=\"ez-toc-title-container\">\n<p class=\"ez-toc-title\" style=\"cursor:inherit\">Sommaire<\/p>\n<span class=\"ez-toc-title-toggle\"><a href=\"#\" class=\"ez-toc-pull-right ez-toc-btn ez-toc-btn-xs ez-toc-btn-default ez-toc-toggle\" aria-label=\"Toggle Table of Content\"><span class=\"ez-toc-js-icon-con\"><span class=\"\"><span class=\"eztoc-hide\" style=\"display:none;\">Toggle<\/span><span class=\"ez-toc-icon-toggle-span\"><svg style=\"fill: #999;color:#999\" xmlns=\"http:\/\/www.w3.org\/2000\/svg\" class=\"list-377408\" width=\"20px\" height=\"20px\" viewBox=\"0 0 24 24\" fill=\"none\"><path d=\"M6 6H4v2h2V6zm14 0H8v2h12V6zM4 11h2v2H4v-2zm16 0H8v2h12v-2zM4 16h2v2H4v-2zm16 0H8v2h12v-2z\" fill=\"currentColor\"><\/path><\/svg><svg style=\"fill: #999;color:#999\" class=\"arrow-unsorted-368013\" xmlns=\"http:\/\/www.w3.org\/2000\/svg\" width=\"10px\" height=\"10px\" viewBox=\"0 0 24 24\" version=\"1.2\" baseProfile=\"tiny\"><path d=\"M18.2 9.3l-6.2-6.3-6.2 6.3c-.2.2-.3.4-.3.7s.1.5.3.7c.2.2.4.3.7.3h11c.3 0 .5-.1.7-.3.2-.2.3-.5.3-.7s-.1-.5-.3-.7zM5.8 14.7l6.2 6.3 6.2-6.3c.2-.2.3-.5.3-.7s-.1-.5-.3-.7c-.2-.2-.4-.3-.7-.3h-11c-.3 0-.5.1-.7.3-.2.2-.3.5-.3.7s.1.5.3.7z\"\/><\/svg><\/span><\/span><\/span><\/a><\/span><\/div>\n<nav><ul class='ez-toc-list ez-toc-list-level-1 eztoc-toggle-hide-by-default' ><li class='ez-toc-page-1 ez-toc-heading-level-2'><a class=\"ez-toc-link ez-toc-heading-1\" href=\"https:\/\/stationnomade.com\/blog\/comment-calculer-ses-besoins-en-energie-quand-on-vit-en-van-guide-ultra-simple-pour-vanlifers\/#difference-entre-watt-et-wattheure-la-base-pour-dimensionner-son-autonomie\" >Diff\u00e9rence entre Watt et Wattheure : la base pour dimensionner son autonomie<\/a><ul class='ez-toc-list-level-3' ><li class='ez-toc-heading-level-3'><a class=\"ez-toc-link ez-toc-heading-2\" href=\"https:\/\/stationnomade.com\/blog\/comment-calculer-ses-besoins-en-energie-quand-on-vit-en-van-guide-ultra-simple-pour-vanlifers\/#puissance-w-le-debit-instantane\" >Puissance (W) : le d\u00e9bit instantan\u00e9<\/a><\/li><li class='ez-toc-page-1 ez-toc-heading-level-3'><a class=\"ez-toc-link ez-toc-heading-3\" href=\"https:\/\/stationnomade.com\/blog\/comment-calculer-ses-besoins-en-energie-quand-on-vit-en-van-guide-ultra-simple-pour-vanlifers\/#energie-wh-la-quantite-cumulee\" >\u00c9nergie (Wh) : la quantit\u00e9 cumul\u00e9e<\/a><\/li><li class='ez-toc-page-1 ez-toc-heading-level-3'><a class=\"ez-toc-link ez-toc-heading-4\" href=\"https:\/\/stationnomade.com\/blog\/comment-calculer-ses-besoins-en-energie-quand-on-vit-en-van-guide-ultra-simple-pour-vanlifers\/#illustration-chiffree-dans-un-tableau-comparatif-%f0%9f%a7%ae\" >Illustration chiffr\u00e9e dans un tableau comparatif \ud83e\uddee<\/a><\/li><\/ul><\/li><li class='ez-toc-page-1 ez-toc-heading-level-2'><a class=\"ez-toc-link ez-toc-heading-5\" href=\"https:\/\/stationnomade.com\/blog\/comment-calculer-ses-besoins-en-energie-quand-on-vit-en-van-guide-ultra-simple-pour-vanlifers\/#lister-les-appareils-nomades-premiere-pierre-de-lestimation\" >Lister les appareils nomades : premi\u00e8re pierre de l\u2019estimation<\/a><ul class='ez-toc-list-level-3' ><li class='ez-toc-heading-level-3'><a class=\"ez-toc-link ez-toc-heading-6\" href=\"https:\/\/stationnomade.com\/blog\/comment-calculer-ses-besoins-en-energie-quand-on-vit-en-van-guide-ultra-simple-pour-vanlifers\/#categoriser-un-classement-qui-simplifie-la-lecture\" >Cat\u00e9goriser : un classement qui simplifie la lecture<\/a><\/li><li class='ez-toc-page-1 ez-toc-heading-level-3'><a class=\"ez-toc-link ez-toc-heading-7\" href=\"https:\/\/stationnomade.com\/blog\/comment-calculer-ses-besoins-en-energie-quand-on-vit-en-van-guide-ultra-simple-pour-vanlifers\/#etude-de-cas-le-couple-%c2%ab-nomad-pixels-%c2%bb\" >\u00c9tude de cas : le couple \u00ab Nomad Pixels \u00bb<\/a><\/li><li class='ez-toc-page-1 ez-toc-heading-level-3'><a class=\"ez-toc-link ez-toc-heading-8\" href=\"https:\/\/stationnomade.com\/blog\/comment-calculer-ses-besoins-en-energie-quand-on-vit-en-van-guide-ultra-simple-pour-vanlifers\/#tableau-dinventaire-type-%f0%9f%94%8d\" >Tableau d\u2019inventaire type \ud83d\udd0d<\/a><\/li><li class='ez-toc-page-1 ez-toc-heading-level-3'><a class=\"ez-toc-link ez-toc-heading-9\" href=\"https:\/\/stationnomade.com\/blog\/comment-calculer-ses-besoins-en-energie-quand-on-vit-en-van-guide-ultra-simple-pour-vanlifers\/#checklist-rapide-avant-de-poursuivre-%e2%9c%85\" >Checklist rapide avant de poursuivre \u2705<\/a><\/li><\/ul><\/li><li class='ez-toc-page-1 ez-toc-heading-level-2'><a class=\"ez-toc-link ez-toc-heading-10\" href=\"https:\/\/stationnomade.com\/blog\/comment-calculer-ses-besoins-en-energie-quand-on-vit-en-van-guide-ultra-simple-pour-vanlifers\/#calculer-les-besoins-journaliers-et-anticiper-les-imprevus\" >Calculer les besoins journaliers et anticiper les impr\u00e9vus<\/a><ul class='ez-toc-list-level-3' ><li class='ez-toc-heading-level-3'><a class=\"ez-toc-link ez-toc-heading-11\" href=\"https:\/\/stationnomade.com\/blog\/comment-calculer-ses-besoins-en-energie-quand-on-vit-en-van-guide-ultra-simple-pour-vanlifers\/#methode-de-calcul-pas-a-pas\" >M\u00e9thode de calcul pas-\u00e0-pas<\/a><\/li><li class='ez-toc-page-1 ez-toc-heading-level-3'><a class=\"ez-toc-link ez-toc-heading-12\" href=\"https:\/\/stationnomade.com\/blog\/comment-calculer-ses-besoins-en-energie-quand-on-vit-en-van-guide-ultra-simple-pour-vanlifers\/#simulation-rapide-dans-un-tableau-%f0%9f%93%88\" >Simulation rapide dans un tableau \ud83d\udcc8<\/a><\/li><li class='ez-toc-page-1 ez-toc-heading-level-3'><a class=\"ez-toc-link ez-toc-heading-13\" href=\"https:\/\/stationnomade.com\/blog\/comment-calculer-ses-besoins-en-energie-quand-on-vit-en-van-guide-ultra-simple-pour-vanlifers\/#erreur-frequente-oublier-le-rendement-%e2%9a%a0%ef%b8%8f\" >Erreur fr\u00e9quente : oublier le rendement \u26a0\ufe0f<\/a><\/li><\/ul><\/li><li class='ez-toc-page-1 ez-toc-heading-level-2'><a class=\"ez-toc-link ez-toc-heading-14\" href=\"https:\/\/stationnomade.com\/blog\/comment-calculer-ses-besoins-en-energie-quand-on-vit-en-van-guide-ultra-simple-pour-vanlifers\/#choisir-une-station-electrique-portable-capacite-format-et-connectiques\" >Choisir une station \u00e9lectrique portable : capacit\u00e9, format et connectiques<\/a><ul class='ez-toc-list-level-3' ><li class='ez-toc-heading-level-3'><a class=\"ez-toc-link ez-toc-heading-15\" href=\"https:\/\/stationnomade.com\/blog\/comment-calculer-ses-besoins-en-energie-quand-on-vit-en-van-guide-ultra-simple-pour-vanlifers\/#taille-ideale-selon-lusage\" >Taille id\u00e9ale selon l\u2019usage<\/a><\/li><li class='ez-toc-page-1 ez-toc-heading-level-3'><a class=\"ez-toc-link ez-toc-heading-16\" href=\"https:\/\/stationnomade.com\/blog\/comment-calculer-ses-besoins-en-energie-quand-on-vit-en-van-guide-ultra-simple-pour-vanlifers\/#comparatif-succinct-des-stations-phares-%f0%9f%94%8c\" >Comparatif succinct des stations phares \ud83d\udd0c<\/a><\/li><li class='ez-toc-page-1 ez-toc-heading-level-3'><a class=\"ez-toc-link ez-toc-heading-17\" href=\"https:\/\/stationnomade.com\/blog\/comment-calculer-ses-besoins-en-energie-quand-on-vit-en-van-guide-ultra-simple-pour-vanlifers\/#points-de-vigilance-avant-dacheter-%f0%9f%94%8d\" >Points de vigilance avant d\u2019acheter \ud83d\udd0d<\/a><\/li><\/ul><\/li><li class='ez-toc-page-1 ez-toc-heading-level-2'><a class=\"ez-toc-link ez-toc-heading-18\" href=\"https:\/\/stationnomade.com\/blog\/comment-calculer-ses-besoins-en-energie-quand-on-vit-en-van-guide-ultra-simple-pour-vanlifers\/#panneaux-solaires-optimisation-quotidienne-et-erreurs-a-eviter\" >Panneaux solaires, optimisation quotidienne et erreurs \u00e0 \u00e9viter<\/a><ul class='ez-toc-list-level-3' ><li class='ez-toc-heading-level-3'><a class=\"ez-toc-link ez-toc-heading-19\" href=\"https:\/\/stationnomade.com\/blog\/comment-calculer-ses-besoins-en-energie-quand-on-vit-en-van-guide-ultra-simple-pour-vanlifers\/#production-reelle-dun-panneau-200-w\" >Production r\u00e9elle d\u2019un panneau 200 W<\/a><\/li><li class='ez-toc-page-1 ez-toc-heading-level-3'><a class=\"ez-toc-link ez-toc-heading-20\" href=\"https:\/\/stationnomade.com\/blog\/comment-calculer-ses-besoins-en-energie-quand-on-vit-en-van-guide-ultra-simple-pour-vanlifers\/#guide-express-pour-optimiser-la-recharge-%e2%9a%a1\" >Guide express pour optimiser la recharge \u26a1<\/a><\/li><li class='ez-toc-page-1 ez-toc-heading-level-3'><a class=\"ez-toc-link ez-toc-heading-21\" href=\"https:\/\/stationnomade.com\/blog\/comment-calculer-ses-besoins-en-energie-quand-on-vit-en-van-guide-ultra-simple-pour-vanlifers\/#top-5-des-erreurs-classiques-%f0%9f%9a%ab\" >Top 5 des erreurs classiques \ud83d\udeab<\/a><\/li><li class='ez-toc-page-1 ez-toc-heading-level-3'><a class=\"ez-toc-link ez-toc-heading-22\" href=\"https:\/\/stationnomade.com\/blog\/comment-calculer-ses-besoins-en-energie-quand-on-vit-en-van-guide-ultra-simple-pour-vanlifers\/#outils-pour-passer-a-laction-des-aujourdhui-%f0%9f%9a%80\" >Outils pour passer \u00e0 l\u2019action d\u00e8s aujourd\u2019hui \ud83d\ude80<\/a><\/li><\/ul><\/li><li class='ez-toc-page-1 ez-toc-heading-level-2'><a class=\"ez-toc-link ez-toc-heading-23\" href=\"https:\/\/stationnomade.com\/blog\/comment-calculer-ses-besoins-en-energie-quand-on-vit-en-van-guide-ultra-simple-pour-vanlifers\/#faq-%e2%80%93-questions-que-tout-vanlifer-se-pose-avant-de-dimensionner-son-energie\" >FAQ \u2013 Questions que tout vanlifer se pose avant de dimensionner son \u00e9nergie<\/a><\/li><\/ul><\/nav><\/div>\n<h2 class=\"wp-block-heading\"><span class=\"ez-toc-section\" id=\"difference-entre-watt-et-wattheure-la-base-pour-dimensionner-son-autonomie\"><\/span>Diff\u00e9rence entre Watt et Wattheure : la base pour dimensionner son autonomie<span class=\"ez-toc-section-end\"><\/span><\/h2>\n\n\n\n<p>Tout commence par une confusion classique : on m\u00e9lange \u00ab W \u00bb et \u00ab Wh \u00bb, un peu comme si l\u2019on confondait la vitesse d\u2019un robinet et la quantit\u00e9 d\u2019eau d\u00e9j\u00e0 stock\u00e9e dans un seau. Or cette nuance est capitale quand il s\u2019agit d\u2019acheter une <a href=\"https:\/\/stationnomade.com\/blog\/quest-ce-quune-station-electrique-portable-definition\/\">station \u00e9lectrique portable<\/a> ou un panneau solaire.<\/p>\n\n\n\n<h3 class=\"wp-block-heading\"><span class=\"ez-toc-section\" id=\"puissance-w-le-debit-instantane\"><\/span>Puissance (W) : le d\u00e9bit instantan\u00e9<span class=\"ez-toc-section-end\"><\/span><\/h3>\n\n\n\n<p>La puissance exprime la quantit\u00e9 d\u2019\u00e9nergie qu\u2019un appareil consomme ou fournit <em>par unit\u00e9 de temps<\/em>. Un frigo 12 V de 60 W sollicite continuellement la batterie comme un robinet ouvert \u00e0 60 litres\/minute. D\u00e8s qu\u2019il tourne, il aspire 60 W. Si le moteur se coupe, la consommation tombe \u00e0 z\u00e9ro.<\/p>\n\n\n\n<h3 class=\"wp-block-heading\"><span class=\"ez-toc-section\" id=\"energie-wh-la-quantite-cumulee\"><\/span>\u00c9nergie (Wh) : la quantit\u00e9 cumul\u00e9e<span class=\"ez-toc-section-end\"><\/span><\/h3>\n\n\n\n<p>Le Wattheure cumule ces gouttes d\u2019\u00e9lectricit\u00e9. Un frigo de 60 W qui tourne 10 h d\u00e9pense 60 W \u00d7 10 h = 600 Wh ; c\u2019est le volume d\u2019eau qui s\u2019est \u00e9coul\u00e9 dans le seau. Conna\u00eetre ce chiffre permet de choisir une batterie dont la capacit\u00e9 couvre la dur\u00e9e souhait\u00e9e.<\/p>\n\n\n\n<h3 class=\"wp-block-heading\"><span class=\"ez-toc-section\" id=\"illustration-chiffree-dans-un-tableau-comparatif-%f0%9f%a7%ae\"><\/span>Illustration chiffr\u00e9e dans un tableau comparatif \ud83e\uddee<span class=\"ez-toc-section-end\"><\/span><\/h3>\n\n\n\n<figure class=\"wp-block-table\"><table><thead><tr><th>Appareil \ud83d\udcf1<\/th><th>Puissance (W)<\/th><th>Dur\u00e9e\/jour (h)<\/th><th>\u00c9nergie\/jour (Wh) \ud83d\udd0b<\/th><\/tr><\/thead><tbody><tr><td>Frigo 12 V<\/td><td>60<\/td><td>10<\/td><td>600<\/td><\/tr><tr><td>Ordinateur portable<\/td><td>50<\/td><td>2<\/td><td>100<\/td><\/tr><tr><td>T\u00e9l\u00e9phone<\/td><td>10<\/td><td>2<\/td><td>20<\/td><\/tr><tr><td>Lampe LED<\/td><td>5<\/td><td>5<\/td><td>25<\/td><\/tr><tr><td>Box 4G<\/td><td>15<\/td><td>4<\/td><td>60<\/td><\/tr><tr><td><strong>Total quotidien <\/strong>\u2728<\/td><td><\/td><td><\/td><td><strong>\u2248 805 Wh<\/strong><\/td><\/tr><\/tbody><\/table><\/figure>\n\n\n\n<p>Avec ce total, il devient limpide qu\u2019une batterie de 500 Wh serait sous-dimensionn\u00e9e et qu\u2019une station de 1 200 Wh offrirait, au contraire, une respiration confortable. Des simulateurs comme <a href=\"https:\/\/lemondedetikal.com\/fr\/simulateur-electrique\/\">Le Monde de Tikal<\/a> ou le <a href=\"https:\/\/ypocamp.fr\/calculateur-autonomie-energie-ypocamp\">calculateur Ypocamp<\/a> valident rapidement ce raisonnement.<\/p>\n\n\n\n<ul class=\"wp-block-list\">\n<li>\ud83d\udeb0 <strong>Watt<\/strong> = d\u00e9bit<\/li>\n\n\n\n<li>\ud83d\udca7 <strong>Wattheure<\/strong> = volume stock\u00e9<\/li>\n\n\n\n<li>\ud83d\udccb Additionner les Wh r\u00e9v\u00e8le la taille id\u00e9ale de la batterie<\/li>\n<\/ul>\n\n\n\n<p>Bien distinguer ces deux unit\u00e9s pr\u00e9vient des erreurs co\u00fbteuses : un vanlifer n\u00e9gligeant l\u2019\u00e9nergie totale pourrait troquer un panneau de 200 W contre un de 400 W alors que le besoin r\u00e9el vient d\u2019une batterie sous-calibr\u00e9e. \u00c0 l\u2019inverse, confondre puissance et capacit\u00e9 entra\u00eene la s\u00e9lection d\u2019un accumulateur surdimensionn\u00e9, synonyme de poids superflu et de budget envol\u00e9.<\/p>\n\n\n\n<figure class=\"wp-block-image size-full\"><img loading=\"lazy\" decoding=\"async\" width=\"1344\" height=\"768\" src=\"https:\/\/stationnomade.com\/blog\/wp-content\/uploads\/2025\/05\/Comment-calculer-ses-besoins-en-energie-quand-on-vit-en-van-guide-ultra-simple-pour-vanlifers-1.jpg\" alt=\"d\u00e9couvrez notre guide ultra simple pour vanlifers sur comment calculer vos besoins en \u00e9nergie lorsque vous vivez en van. apprenez les bases essentielles pour maximiser votre autonomie \u00e9nerg\u00e9tique et profiter pleinement de vos aventures sur la route.\" class=\"wp-image-4333\" srcset=\"https:\/\/stationnomade.com\/blog\/wp-content\/uploads\/2025\/05\/Comment-calculer-ses-besoins-en-energie-quand-on-vit-en-van-guide-ultra-simple-pour-vanlifers-1.jpg 1344w, https:\/\/stationnomade.com\/blog\/wp-content\/uploads\/2025\/05\/Comment-calculer-ses-besoins-en-energie-quand-on-vit-en-van-guide-ultra-simple-pour-vanlifers-1-300x171.jpg 300w, https:\/\/stationnomade.com\/blog\/wp-content\/uploads\/2025\/05\/Comment-calculer-ses-besoins-en-energie-quand-on-vit-en-van-guide-ultra-simple-pour-vanlifers-1-1024x585.jpg 1024w, https:\/\/stationnomade.com\/blog\/wp-content\/uploads\/2025\/05\/Comment-calculer-ses-besoins-en-energie-quand-on-vit-en-van-guide-ultra-simple-pour-vanlifers-1-768x439.jpg 768w\" sizes=\"auto, (max-width: 1344px) 100vw, 1344px\" \/><\/figure>\n\n\n\n<h2 class=\"wp-block-heading\"><span class=\"ez-toc-section\" id=\"lister-les-appareils-nomades-premiere-pierre-de-lestimation\"><\/span>Lister les appareils nomades : premi\u00e8re pierre de l\u2019estimation<span class=\"ez-toc-section-end\"><\/span><\/h2>\n\n\n\n<p>Avant tout calcul, il faut lister chaque objet qui pompe, m\u00eame furtivement, un peu d\u2019\u00e9lectricit\u00e9. Les r\u00e9cits partag\u00e9s sur <a href=\"https:\/\/levanmigrateur.com\/tout-savoir-sur-lautonomie-en-fourgon\/\">Le Van Migrateur<\/a> rappellent qu\u2019un simple chargeur de brosse \u00e0 dents peut flinguer l\u2019autonomie si l\u2019on oublie sa consommation sur plusieurs jours.<\/p>\n\n\n\n<h3 class=\"wp-block-heading\"><span class=\"ez-toc-section\" id=\"categoriser-un-classement-qui-simplifie-la-lecture\"><\/span>Cat\u00e9goriser : un classement qui simplifie la lecture<span class=\"ez-toc-section-end\"><\/span><\/h3>\n\n\n\n<ul class=\"wp-block-list\">\n<li>\u2744\ufe0f <strong>Refroidissement<\/strong> : frigo, glaci\u00e8re \u00e0 compression, ventilateur de toit<\/li>\n\n\n\n<li>\ud83c\udf73 <strong>Cuisson<\/strong> : bouilloire 12 V, mini-cafeti\u00e8re, plaque \u00e0 induction (rare en van mais possible)<\/li>\n\n\n\n<li>\ud83d\udcbb <strong>T\u00e9l\u00e9travail<\/strong> : ordinateur, \u00e9cran secondaire, routeur 4G\/5G, LED d\u2019appoint<\/li>\n\n\n\n<li>\ud83d\udcf8 <strong>Loisirs &amp; cr\u00e9a<\/strong> : cam\u00e9ra, drone, appareil photo, enceinte Bluetooth<\/li>\n\n\n\n<li>\ud83e\uddf3 <strong>Confort<\/strong> : pompe \u00e0 eau, chauffage diesel (pour l\u2019\u00e9tincelle d\u2019allumage), s\u00e8che-cheveux basse conso<\/li>\n<\/ul>\n\n\n\n<h3 class=\"wp-block-heading\"><span class=\"ez-toc-section\" id=\"etude-de-cas-le-couple-%c2%ab-nomad-pixels-%c2%bb\"><\/span>\u00c9tude de cas : le couple \u00ab Nomad Pixels \u00bb<span class=\"ez-toc-section-end\"><\/span><\/h3>\n\n\n\n<p>Ce duo de photographes sillonnant l\u2019Espagne illustre la dynamique : chaque soir, deux batteries de drone de 60 Wh rentrent \u00e0 la charge, soit 120 Wh suppl\u00e9mentaires. Ils pensaient pouvoir se contenter d\u2019une station de 1 000 Wh, mais ont vite pivot\u00e9 vers une <a href=\"https:\/\/stationnomade.com\/blog\/bluetti-ac180-test-complet-avis-prix-guide-2025\/\">Bluetti AC180<\/a> de 1 152 Wh apr\u00e8s trois soir\u00e9es sans soleil et un projet vid\u00e9o \u00e0 livrer.<\/p>\n\n\n\n<h3 class=\"wp-block-heading\"><span class=\"ez-toc-section\" id=\"tableau-dinventaire-type-%f0%9f%94%8d\"><\/span>Tableau d\u2019inventaire type \ud83d\udd0d<span class=\"ez-toc-section-end\"><\/span><\/h3>\n\n\n\n<figure class=\"wp-block-table\"><table><thead><tr><th>Cat\u00e9gorie<\/th><th>Appareil principal \ud83c\udf92<\/th><th>Puissance (W)<\/th><th>Heures d\u2019usage\/jour<\/th><th>Sous-total (Wh) \ud83d\udcdd<\/th><\/tr><\/thead><tbody><tr><td>Refroidissement<\/td><td>Frigo 12 V<\/td><td>60<\/td><td>10<\/td><td>600<\/td><\/tr><tr><td>T\u00e9l\u00e9travail<\/td><td>Ordinateur<\/td><td>50<\/td><td>3<\/td><td>150<\/td><\/tr><tr><td>Connectivit\u00e9<\/td><td>Routeur 4G<\/td><td>15<\/td><td>6<\/td><td>90<\/td><\/tr><tr><td>\u00c9clairage<\/td><td>4 lampes LED<\/td><td>5<\/td><td>4<\/td><td>20<\/td><\/tr><tr><td>Loisir<\/td><td>Drone (2 batt.)<\/td><td>60<\/td><td>1<\/td><td>60<\/td><\/tr><tr><td><strong>Total<\/strong><\/td><td><\/td><td><\/td><td><\/td><td><strong>920 Wh<\/strong><\/td><\/tr><\/tbody><\/table><\/figure>\n\n\n\n<p>Pour faciliter ce relev\u00e9, le site <a href=\"https:\/\/mon-fourgon-amenage.fr\/electricite\/autonomie-electrique-calcul\">Mon-Fourgon-Am\u00e9nag\u00e9<\/a> propose un tableau t\u00e9l\u00e9chargeable o\u00f9 cocher les appareils courants. Les vanlifers qui testent diff\u00e9rents \u00e9quipements peuvent \u00e9galement s\u2019appuyer sur le <a href=\"https:\/\/stationnomade.com\/blog\/les-11-appareils-electroniques-indispensables-dun-e-vanlifer\/\">top 11 des appareils indispensables<\/a> publi\u00e9 par Station Nomade.<\/p>\n\n\n\n<h3 class=\"wp-block-heading\"><span class=\"ez-toc-section\" id=\"checklist-rapide-avant-de-poursuivre-%e2%9c%85\"><\/span>Checklist rapide avant de poursuivre \u2705<span class=\"ez-toc-section-end\"><\/span><\/h3>\n\n\n\n<ol class=\"wp-block-list\">\n<li>\ud83d\udcf8 Faire le tour du van avec une feuille et un marqueur<\/li>\n\n\n\n<li>\ud83d\udd0e Noter <strong>puissance<\/strong> et <strong>dur\u00e9e d\u2019utilisation<\/strong> r\u00e9elles (pas celles esp\u00e9r\u00e9es)<\/li>\n\n\n\n<li>\ud83d\udca1 Ajouter les chargeurs de secours (batterie externe, liseuse, montre connect\u00e9e)<\/li>\n\n\n\n<li>\ud83d\udcca Reporter chaque valeur dans un tableau<\/li>\n\n\n\n<li>\ud83d\udc40 Garder un \u0153il sur les appareils \u00e0 d\u00e9marrage tr\u00e8s \u00e9nergivore (bouilloire !).<\/li>\n<\/ol>\n\n\n\n<figure class=\"wp-block-embed is-type-video is-provider-youtube wp-block-embed-youtube wp-embed-aspect-16-9 wp-has-aspect-ratio\"><div class=\"wp-block-embed__wrapper\">\n<div class=\"container-lazyload preview-lazyload container-youtube js-lazyload--not-loaded\"><a href=\"https:\/\/www.youtube.com\/watch?v=E3Ka-zNUpj4\" class=\"lazy-load-youtube preview-lazyload preview-youtube\" data-video-title=\"calculer la consommation \u00e9lectrique pour r\u00e9ussir ton installation dans ton van am\u00e9nag\u00e9 !\" title=\"Play video &quot;calculer la consommation \u00e9lectrique pour r\u00e9ussir ton installation dans ton van am\u00e9nag\u00e9 !&quot;\">https:\/\/www.youtube.com\/watch?v=E3Ka-zNUpj4<\/a><noscript>Video can&rsquo;t be loaded because JavaScript is disabled: <a href=\"https:\/\/www.youtube.com\/watch?v=E3Ka-zNUpj4\" title=\"calculer la consommation \u00e9lectrique pour r\u00e9ussir ton installation dans ton van am\u00e9nag\u00e9 !\">calculer la consommation \u00e9lectrique pour r\u00e9ussir ton installation dans ton van am\u00e9nag\u00e9 ! (https:\/\/www.youtube.com\/watch?v=E3Ka-zNUpj4)<\/a><\/noscript><\/div>\n<\/div><\/figure>\n\n\n\n<p>En appliquant ces \u00e9tapes, l\u2019aventurier d\u00e9couvre souvent des postes sous-estim\u00e9s : la box 4G en streaming de fond ou le chauffage diesel en altitude.<\/p>\n\n\n\n<figure class=\"wp-block-image size-full\"><img loading=\"lazy\" decoding=\"async\" width=\"1344\" height=\"768\" src=\"https:\/\/stationnomade.com\/blog\/wp-content\/uploads\/2025\/05\/Comment-calculer-ses-besoins-en-energie-quand-on-vit-en-van-guide-ultra-simple-pour-vanlifers-2.jpg\" alt=\"d\u00e9couvrez notre guide ultra simple pour vanlifers sur le calcul de vos besoins en \u00e9nergie. apprenez \u00e0 \u00e9valuer votre consommation \u00e9nerg\u00e9tique et \u00e0 optimiser l&#039;utilisation de votre \u00e9quipement pour profiter pleinement de votre vie en van.\" class=\"wp-image-4334\" srcset=\"https:\/\/stationnomade.com\/blog\/wp-content\/uploads\/2025\/05\/Comment-calculer-ses-besoins-en-energie-quand-on-vit-en-van-guide-ultra-simple-pour-vanlifers-2.jpg 1344w, https:\/\/stationnomade.com\/blog\/wp-content\/uploads\/2025\/05\/Comment-calculer-ses-besoins-en-energie-quand-on-vit-en-van-guide-ultra-simple-pour-vanlifers-2-300x171.jpg 300w, https:\/\/stationnomade.com\/blog\/wp-content\/uploads\/2025\/05\/Comment-calculer-ses-besoins-en-energie-quand-on-vit-en-van-guide-ultra-simple-pour-vanlifers-2-1024x585.jpg 1024w, https:\/\/stationnomade.com\/blog\/wp-content\/uploads\/2025\/05\/Comment-calculer-ses-besoins-en-energie-quand-on-vit-en-van-guide-ultra-simple-pour-vanlifers-2-768x439.jpg 768w\" sizes=\"auto, (max-width: 1344px) 100vw, 1344px\" \/><\/figure>\n\n\n\n<h2 class=\"wp-block-heading\"><span class=\"ez-toc-section\" id=\"calculer-les-besoins-journaliers-et-anticiper-les-imprevus\"><\/span>Calculer les besoins journaliers et anticiper les impr\u00e9vus<span class=\"ez-toc-section-end\"><\/span><\/h2>\n\n\n\n<p>Une fois la liste boucl\u00e9e, l\u2019\u00e9tape suivante consiste \u00e0 additionner les Wh et \u00e0 se projeter au-del\u00e0 de la journ\u00e9e id\u00e9ale. Les chiffres bruts forment le socle ; la marge de s\u00e9curit\u00e9 et la m\u00e9t\u00e9o transforment ces lignes en plan infaillible.<\/p>\n\n\n\n<h3 class=\"wp-block-heading\"><span class=\"ez-toc-section\" id=\"methode-de-calcul-pas-a-pas\"><\/span>M\u00e9thode de calcul pas-\u00e0-pas<span class=\"ez-toc-section-end\"><\/span><\/h3>\n\n\n\n<ul class=\"wp-block-list\">\n<li>\u2795 Additionner tous les Wh du tableau (exemple : 920 Wh).<\/li>\n\n\n\n<li>\ud83d\udd12 Ajouter 25 % de marge : 920 Wh \u00d7 1,25 = 1 150 Wh. Cette r\u00e9serve compense l\u2019inconstance d\u2019un compresseur de frigo ou la perte de rendement quand la batterie vieillit.<\/li>\n\n\n\n<li>\ud83c\udf25\ufe0f Multiplier par le nombre de jours sans recharge souhait\u00e9s (souvent 2) : 1 150 Wh \u00d7 2 = 2 300 Wh.<\/li>\n\n\n\n<li>\ud83e\uddee Choisir la capacit\u00e9 utile de la batterie ou de la station en cons\u00e9quence ; pour une <a href=\"https:\/\/stationnomade.com\/blog\/capacite-station-electrique\/\">station \u00e9lectrique<\/a>, le fabricant affiche la capacit\u00e9 nominale, qu\u2019il faut l\u00e9g\u00e8rement r\u00e9duire (\u2248 90 %) pour obtenir la capacit\u00e9 r\u00e9ellement utilisable.<\/li>\n<\/ul>\n\n\n\n<h3 class=\"wp-block-heading\"><span class=\"ez-toc-section\" id=\"simulation-rapide-dans-un-tableau-%f0%9f%93%88\"><\/span>Simulation rapide dans un tableau \ud83d\udcc8<span class=\"ez-toc-section-end\"><\/span><\/h3>\n\n\n\n<figure class=\"wp-block-table\"><table><thead><tr><th>\u00c9tape \u2699\ufe0f<\/th><th>D\u00e9tail<\/th><th>R\u00e9sultat (Wh)<\/th><\/tr><\/thead><tbody><tr><td>Conso brute<\/td><td>Somme des appareils<\/td><td>920<\/td><\/tr><tr><td>Marge 25 %<\/td><td>920 \u00d7 1,25<\/td><td>1 150<\/td><\/tr><tr><td>Autonomie 2 j<\/td><td>1 150 \u00d7 2<\/td><td>2 300<\/td><\/tr><tr><td><strong>Capacit\u00e9 cible<\/strong><\/td><td>Station ou batterie<\/td><td><strong>\u2265 2 300 Wh<\/strong><\/td><\/tr><\/tbody><\/table><\/figure>\n\n\n\n<p>Les sites <a href=\"https:\/\/objectif-vie-en-van.com\/calculateur-autonomie-electrique-fourgon-amenage\/\">Objectif Vie en Van<\/a> ou <a href=\"https:\/\/www.vanlifestyle.com\/vivre-en-van-comment-gerer-leau-et-lelectricite\/\">Van Lifestyle<\/a> proposent des calculateurs confirmant ces projections.<\/p>\n\n\n\n<h3 class=\"wp-block-heading\"><span class=\"ez-toc-section\" id=\"erreur-frequente-oublier-le-rendement-%e2%9a%a0%ef%b8%8f\"><\/span>Erreur fr\u00e9quente : oublier le rendement \u26a0\ufe0f<span class=\"ez-toc-section-end\"><\/span><\/h3>\n\n\n\n<p>Les convertisseurs 230 V ou la temp\u00e9rature ext\u00e9rieure influencent la performance de la batterie. Anticiper 10 % de pertes suppl\u00e9mentaires devient judicieux si les consommations passent par un onduleur.<\/p>\n\n\n\n<ul class=\"wp-block-list\">\n<li>\ud83d\udd25 Climat froid : rendement batterie LiFePO4 abaiss\u00e9 \u2248 90 %<\/li>\n\n\n\n<li>\ud83c\udf21\ufe0f Onduleur : minus 5 % \u00e0 8 %<\/li>\n\n\n\n<li>\ud83d\udd0c Longues rallonges USB : pertes marginales mais r\u00e9elles<\/li>\n<\/ul>\n\n\n\n<p>Dans ces conditions, viser 2 500 Wh plut\u00f4t que 2 300 Wh garantit le confort m\u00eame lors d\u2019un week-end pluvieux.<\/p>\n\n\n\n<figure class=\"wp-block-embed is-type-video is-provider-youtube wp-block-embed-youtube wp-embed-aspect-16-9 wp-has-aspect-ratio\"><div class=\"wp-block-embed__wrapper\">\n<div class=\"container-lazyload preview-lazyload container-youtube js-lazyload--not-loaded\"><a href=\"https:\/\/www.youtube.com\/watch?v=vpGoPmHlajo\" class=\"lazy-load-youtube preview-lazyload preview-youtube\" data-video-title=\"Avoir de l\u2019\u00e9lectricit\u00e9 dans un van #van #vanamenage #vanlife\" title=\"Play video &quot;Avoir de l\u2019\u00e9lectricit\u00e9 dans un van #van #vanamenage #vanlife&quot;\">https:\/\/www.youtube.com\/watch?v=vpGoPmHlajo<\/a><noscript>Video can&rsquo;t be loaded because JavaScript is disabled: <a href=\"https:\/\/www.youtube.com\/watch?v=vpGoPmHlajo\" title=\"Avoir de l\u2019\u00e9lectricit\u00e9 dans un van #van #vanamenage #vanlife\">Avoir de l\u2019\u00e9lectricit\u00e9 dans un van #van #vanamenage #vanlife (https:\/\/www.youtube.com\/watch?v=vpGoPmHlajo)<\/a><\/noscript><\/div>\n<\/div><\/figure>\n\n\n\n<p>La vid\u00e9o ci-dessus r\u00e9sume visuellement chaque \u00e9tape du calcul et souligne l\u2019importance du facteur m\u00e9t\u00e9o.<\/p>\n\n\n\n<figure class=\"wp-block-image size-full\"><img loading=\"lazy\" decoding=\"async\" width=\"1344\" height=\"768\" src=\"https:\/\/stationnomade.com\/blog\/wp-content\/uploads\/2025\/05\/Comment-calculer-ses-besoins-en-energie-quand-on-vit-en-van-guide-ultra-simple-pour-vanlifers-3.jpg\" alt=\"d\u00e9couvrez notre guide ultra simple pour vanlifers sur le calcul de vos besoins en \u00e9nergie. apprenez \u00e0 optimiser votre consommation d&#039;\u00e9lectricit\u00e9 en van et \u00e0 vivre en totale autonomie, tout en profitant pleinement de votre aventure sur la route.\" class=\"wp-image-4335\" srcset=\"https:\/\/stationnomade.com\/blog\/wp-content\/uploads\/2025\/05\/Comment-calculer-ses-besoins-en-energie-quand-on-vit-en-van-guide-ultra-simple-pour-vanlifers-3.jpg 1344w, https:\/\/stationnomade.com\/blog\/wp-content\/uploads\/2025\/05\/Comment-calculer-ses-besoins-en-energie-quand-on-vit-en-van-guide-ultra-simple-pour-vanlifers-3-300x171.jpg 300w, https:\/\/stationnomade.com\/blog\/wp-content\/uploads\/2025\/05\/Comment-calculer-ses-besoins-en-energie-quand-on-vit-en-van-guide-ultra-simple-pour-vanlifers-3-1024x585.jpg 1024w, https:\/\/stationnomade.com\/blog\/wp-content\/uploads\/2025\/05\/Comment-calculer-ses-besoins-en-energie-quand-on-vit-en-van-guide-ultra-simple-pour-vanlifers-3-768x439.jpg 768w\" sizes=\"auto, (max-width: 1344px) 100vw, 1344px\" \/><\/figure>\n\n\n\n<h2 class=\"wp-block-heading\"><span class=\"ez-toc-section\" id=\"choisir-une-station-electrique-portable-capacite-format-et-connectiques\"><\/span>Choisir une station \u00e9lectrique portable : capacit\u00e9, format et connectiques<span class=\"ez-toc-section-end\"><\/span><\/h2>\n\n\n\n<p>Arrive le moment cl\u00e9 : transformer les kWh th\u00e9oriques en mat\u00e9riel adapt\u00e9. Depuis 2023, les stations lithium LiFePO4 grand public ont multipli\u00e9 les cycles de vie (3 000 cycles), divisant le co\u00fbt au Wh stock\u00e9. Un article de fond sur <a href=\"https:\/\/stationnomade.com\/blog\/batterie-lifepo4-avantages\/\">les avantages du LiFePO4<\/a> d\u00e9taille pourquoi ce chimie domine d\u00e9sormais le march\u00e9 nomade.<\/p>\n\n\n\n<h3 class=\"wp-block-heading\"><span class=\"ez-toc-section\" id=\"taille-ideale-selon-lusage\"><\/span>Taille id\u00e9ale selon l\u2019usage<span class=\"ez-toc-section-end\"><\/span><\/h3>\n\n\n\n<ul class=\"wp-block-list\">\n<li>\ud83c\udfd5\ufe0f <strong>500 Wh<\/strong> : escapade de 24h minimaliste (GoPro, t\u00e9l\u00e9phone, glaci\u00e8re passive)<\/li>\n\n\n\n<li>\ud83d\ude90 <strong>1 000\u20131 200 Wh<\/strong> : quotidien classique d\u2019un vanlifer solo (frigo + ordi)<\/li>\n\n\n\n<li>\ud83d\ude8c <strong>2 000 Wh+<\/strong> : couple en t\u00e9l\u00e9travail, 2-3 jours autonomes<\/li>\n<\/ul>\n\n\n\n<p>Un test complet de la Bluetti AC180 sur <a href=\"https:\/\/stationnomade.com\/blog\/bluetti-ac180-test-complet-avis-prix-guide-2025\/\">Station Nomade<\/a> montre qu\u2019elle d\u00e9livre 1 034 Wh utiles, recharge 80 % en 45 min sur secteur et accepte 500 W de solaire.<\/p>\n\n\n\n<h3 class=\"wp-block-heading\"><span class=\"ez-toc-section\" id=\"comparatif-succinct-des-stations-phares-%f0%9f%94%8c\"><\/span>Comparatif succinct des stations phares \ud83d\udd0c<span class=\"ez-toc-section-end\"><\/span><\/h3>\n\n\n\n<figure class=\"wp-block-table\"><table><thead><tr><th>Mod\u00e8le \ud83d\udce6<\/th><th>Capacit\u00e9 utile (Wh) \ud83d\udd0b<\/th><th>Entr\u00e9e solaire max (W) \u2600\ufe0f<\/th><th>Poids (kg)<\/th><th>Points forts \u2b50<\/th><\/tr><\/thead><tbody><tr><td>Bluetti EB55<\/td><td>515<\/td><td>200<\/td><td>7,5<\/td><td>Ultra-portable, tarif doux<\/td><\/tr><tr><td>Bluetti AC180<\/td><td>\u2248 1 034<\/td><td>500<\/td><td>16<\/td><td>Onduleur 1 800 W, recharge rapide<\/td><\/tr><tr><td>EcoFlow Delta 2 Max<\/td><td>\u2248 2 000<\/td><td>1 000<\/td><td>23<\/td><td>Extension possible \u00e0 6 000 Wh<\/td><\/tr><\/tbody><\/table><\/figure>\n\n\n\n<p>Pour les fixations permanentes, une <a href=\"https:\/\/stationnomade.com\/blog\/batterie-auxiliaire-van\/\">batterie auxiliaire<\/a> peut compl\u00e9ter ou remplacer la station, mais elle demandera un chargeur DC-DC ou un coupleur s\u00e9parateur. L\u2019avantage d\u2019une station : elle joue \u00ab tout-en-un \u00bb, avec BMS, MPPT solaire, onduleur et prises 230 V int\u00e9gr\u00e9s.<\/p>\n\n\n\n<h3 class=\"wp-block-heading\"><span class=\"ez-toc-section\" id=\"points-de-vigilance-avant-dacheter-%f0%9f%94%8d\"><\/span>Points de vigilance avant d\u2019acheter \ud83d\udd0d<span class=\"ez-toc-section-end\"><\/span><\/h3>\n\n\n\n<ol class=\"wp-block-list\">\n<li>\ud83c\udf9b\ufe0f <strong>Connectiques<\/strong> : 12 V r\u00e9gul\u00e9, USB-C 100 W, AC pur sinus<\/li>\n\n\n\n<li>\ud83d\udcc8 <strong>Courant de pointe<\/strong> : indispensable pour cafeti\u00e8re ou mini-mixer<\/li>\n\n\n\n<li>\ud83c\udf21\ufe0f <strong>Refroidissement<\/strong> : ventilation silencieuse pour ne pas perturber la nuit<\/li>\n\n\n\n<li>\ud83d\udcca <strong>Appli mobile<\/strong> : suivi temps r\u00e9el et mise \u00e0 jour firmware<\/li>\n\n\n\n<li>\ud83d\udd01 <strong>Nombre de cycles<\/strong> : &gt; 3 000 cycles = long\u00e9vit\u00e9 notable<\/li>\n<\/ol>\n\n\n\n<p>Pour approfondir le concept, lire la d\u00e9finition d\u2019une <a href=\"https:\/\/stationnomade.com\/blog\/quest-ce-quune-station-electrique-portable-solaire-definition\/\">station \u00e9lectrique portable solaire<\/a> ou l\u2019article g\u00e9n\u00e9rique sur <a href=\"https:\/\/stationnomade.com\/blog\/station-electrique-nomade\/\">les stations nomades<\/a>.<\/p>\n\n\n\n<p>Les retours d\u2019exp\u00e9rience partag\u00e9s sur les groupes Facebook confirment que la courbe de d\u00e9charge reste la cause principale de frustration ; surveiller la tension basse et la coupure automatique (\u00ab low cut-off \u00bb) devient crucial.<\/p>\n\n\n\n<h2 class=\"wp-block-heading\"><span class=\"ez-toc-section\" id=\"panneaux-solaires-optimisation-quotidienne-et-erreurs-a-eviter\"><\/span>Panneaux solaires, optimisation quotidienne et erreurs \u00e0 \u00e9viter<span class=\"ez-toc-section-end\"><\/span><\/h2>\n\n\n\n<p>Un parc solaire efficacise radicalement l\u2019autonomie. Sur un toit de fourgon, le 200 W rigide c\u00f4toie souvent un 120 W souple d\u00e9pli\u00e9 au camp. Compl\u00e9ter le duo par un panneau pliable pos\u00e9 plein sud offre une flexibilit\u00e9 bienvenue quand l\u2019ombre d\u2019un pin masque le toit.<\/p>\n\n\n\n<h3 class=\"wp-block-heading\"><span class=\"ez-toc-section\" id=\"production-reelle-dun-panneau-200-w\"><\/span>Production r\u00e9elle d\u2019un panneau 200 W<span class=\"ez-toc-section-end\"><\/span><\/h3>\n\n\n\n<ul class=\"wp-block-list\">\n<li>\ud83d\udcc5 \u00c9t\u00e9 temp\u00e9r\u00e9 : 4 \u2013 5 h \u00e0 80 % de la puissance nominale \u2248 800 Wh<\/li>\n\n\n\n<li>\ud83c\udf42 Mi-saison : 3 h efficaces \u2248 480 Wh<\/li>\n\n\n\n<li>\u26c5 Ciel voil\u00e9 : 100\u2013200 Wh<\/li>\n<\/ul>\n\n\n\n<p>Orienter \u00e0 35\u00b0 et nettoyer la surface gagnent facilement 10 % de rendement. D\u00e9tail complet sur <a href=\"https:\/\/stationnomade.com\/blog\/panneau-solaire-van-fonctionnement\/\">le fonctionnement des panneaux solaire en van<\/a>.<\/p>\n\n\n\n<h3 class=\"wp-block-heading\"><span class=\"ez-toc-section\" id=\"guide-express-pour-optimiser-la-recharge-%e2%9a%a1\"><\/span>Guide express pour optimiser la recharge \u26a1<span class=\"ez-toc-section-end\"><\/span><\/h3>\n\n\n\n<ol class=\"wp-block-list\">\n<li>\ud83d\udd50 Lancer le gros consommateur (bouilloire, PC) en plein midi, quand le solaire sort son pic.<\/li>\n\n\n\n<li>\ud83d\udd04 Utiliser un c\u00e2ble court et \u00e9pais pour la prise 12 V r\u00e9gul\u00e9e ; limite la chute de tension.<\/li>\n\n\n\n<li>\ud83d\udee1\ufe0f Surveiller la temp\u00e9rature de la station, car au-del\u00e0 de 45 \u00b0C le BMS r\u00e9duit le courant d\u2019entr\u00e9e.<\/li>\n\n\n\n<li>\ud83d\udcf2 Mettre \u00e0 jour le firmware via l\u2019app pour profiter de profils de charge am\u00e9lior\u00e9s.<\/li>\n\n\n\n<li>\ud83c\udf27\ufe0f Garder une option \u00ab drive charge \u00bb via l\u2019alternateur pour les jours sans soleil.<\/li>\n<\/ol>\n\n\n\n<h3 class=\"wp-block-heading\"><span class=\"ez-toc-section\" id=\"top-5-des-erreurs-classiques-%f0%9f%9a%ab\"><\/span>Top 5 des erreurs classiques \ud83d\udeab<span class=\"ez-toc-section-end\"><\/span><\/h3>\n\n\n\n<ul class=\"wp-block-list\">\n<li>\ud83d\ude48 Oublier la consommation cach\u00e9e du routeur ou des LED d\u00e9coratives<\/li>\n\n\n\n<li>\ud83d\udcc9 Sous-dimensionner la station et compenser par un g\u00e9n\u00e9rateur bruyant<\/li>\n\n\n\n<li>\u23f3 Penser qu\u2019un panneau produira sa puissance nominale toute la journ\u00e9e<\/li>\n\n\n\n<li>\ud83d\udd0c N\u00e9gliger la marge n\u00e9cessaire pour le pic de d\u00e9marrage d\u2019un frigo (jusqu\u2019\u00e0 3 \u00d7 la puissance nominale)<\/li>\n\n\n\n<li>\ud83d\udcb8 Croire que 230 V est indispensable pour tout, alors qu\u2019un chargeur USB-C 100 W couvre 90 % des besoins<\/li>\n<\/ul>\n\n\n\n<p>Les guides de r\u00e9f\u00e9rence comme <a href=\"https:\/\/camp-us.fr\/autonomie-electrique-en-van-amenage\/\">Camp\u2019Us<\/a> ou <a href=\"https:\/\/www.vanlifemag.fr\/conseils-pratiquesvie-a-bord\/comment-calculer-sa-consommation-electrique-afin-dequiper-son-van-ou-son-fourgon-amenage\/58275\">VanLife Mag<\/a> insistent sur l\u2019importance d\u2019une <strong>installation homog\u00e8ne<\/strong> : batterie, solaire et convertisseur dimensionn\u00e9s ensemble.<\/p>\n\n\n\n<h3 class=\"wp-block-heading\"><span class=\"ez-toc-section\" id=\"outils-pour-passer-a-laction-des-aujourdhui-%f0%9f%9a%80\"><\/span>Outils pour passer \u00e0 l\u2019action d\u00e8s aujourd\u2019hui \ud83d\ude80<span class=\"ez-toc-section-end\"><\/span><\/h3>\n\n\n\n<figure class=\"wp-block-table\"><table><thead><tr><th>Ressource \ud83d\udd17<\/th><th>Utilit\u00e9<\/th><th>Lien<\/th><\/tr><\/thead><tbody><tr><td>Simulateur Station Nomade<\/td><td>Aide au choix de la capacit\u00e9<\/td><td><a href=\"https:\/\/stationnomade.com\/blog\/capacite-station-electrique\/\">Voir l\u2019outil<\/a><\/td><\/tr><tr><td>Tutoriel recharge solaire<\/td><td>Brancher un panneau pliable \u00e0 la station<\/td><td><a href=\"https:\/\/stationnomade.com\/blog\/comment-recharger-sa-station-electrique-portable-avec-un-panneau-solaire\/\">Lire le tuto<\/a><\/td><\/tr><tr><td>Glossaire Vanlife<\/td><td>Diff\u00e9rences van, fourgon, campervan<\/td><td><a href=\"https:\/\/stationnomade.com\/blog\/campervan-definition-difference\/\">D\u00e9couvrir<\/a><\/td><\/tr><tr><td>D\u00e9finition installation off-grid<\/td><td>Bases de l\u2019autonomie hors r\u00e9seau<\/td><td><a href=\"https:\/\/stationnomade.com\/blog\/quest-ce-quune-installation-solaire-off-grid-definition\/\">Explorer<\/a><\/td><\/tr><\/tbody><\/table><\/figure>\n\n\n\n<p>Ce thread rappelle qu\u2019un panneau sale peut perdre jusqu\u2019\u00e0 15 % de rendement : un chiffon microfibre suffit pour regagner de pr\u00e9cieux Wh.<\/p>\n\n\n\n<h2 class=\"wp-block-heading\"><span class=\"ez-toc-section\" id=\"faq-%e2%80%93-questions-que-tout-vanlifer-se-pose-avant-de-dimensionner-son-energie\"><\/span>FAQ \u2013 Questions que tout vanlifer se pose avant de dimensionner son \u00e9nergie<span class=\"ez-toc-section-end\"><\/span><\/h2>\n\n\n\n<p><strong>Faut-il privil\u00e9gier une batterie fixe ou une station portable ?<\/strong><br>Une batterie fixe all\u00e8ge le budget et s\u2019int\u00e8gre au syst\u00e8me 12 V, mais demande un montage plus pouss\u00e9. Une station portable offre le plug-and-play, la s\u00e9curit\u00e9 du BMS int\u00e9gr\u00e9 et la libert\u00e9 de l\u2019emmener hors du van (plage, pique-nique).<\/p>\n\n\n\n<p><strong>Quelle marge de s\u00e9curit\u00e9 appliquer si l\u2019on voyage en hiver ?<\/strong><br>Pr\u00e9voyez 30 % minimum. Le froid r\u00e9duit la capacit\u00e9 des batteries et le soleil est plus bas, diminuant la production. Un panneau suppl\u00e9mentaire ou un alternateur renforc\u00e9 devient judicieux.<\/p>\n\n\n\n<p><strong>Un convertisseur 2 000 W est-il indispensable ?<\/strong><br>Pas forc\u00e9ment. Si les appareils se chargent en USB-C ou 12 V, un convertisseur 300 W suffit. Gardez la grosse puissance pour un usage ponctuel (mixeur, bouilloire) ou optez pour une station dot\u00e9e d\u2019un onduleur int\u00e9gr\u00e9.<\/p>\n\n\n\n<p><strong>Comment suivre la conso en temps r\u00e9el ?<\/strong><br>Les stations modernes proposent une appli Bluetooth\/Wi-Fi indiquant entr\u00e9e, sortie et % de batterie. Pour une installation fixe, un moniteur type Victron BMV ou SmartShunt offre la m\u00eame visibilit\u00e9.<\/p>\n\n\n\n<p><strong>Un g\u00e9n\u00e9rateur essence reste-t-il utile ?<\/strong><br>Pour les tournages exigeants ou les positions prolong\u00e9es en for\u00eat dense, oui. Mais avec la baisse de prix des panneaux pliables 400 W et la progression du LiFePO4, beaucoup de vanlifers s\u2019en passent totalement.<\/p>\n","protected":false},"excerpt":{"rendered":"<p>Calculer ses besoins en \u00e9nergie quand on vit en van para\u00eet souvent obscur : un frigo qui tire en continu,&#8230;<\/p>\n","protected":false},"author":7,"featured_media":4332,"comment_status":"closed","ping_status":"closed","sticky":false,"template":"","format":"standard","meta":{"_kadence_starter_templates_imported_post":false,"_kad_post_transparent":"","_kad_post_title":"","_kad_post_layout":"","_kad_post_sidebar_id":"","_kad_post_content_style":"","_kad_post_vertical_padding":"","_kad_post_feature":"","_kad_post_feature_position":"","_kad_post_header":false,"_kad_post_footer":false,"_kad_post_classname":"","footnotes":""},"categories":[64],"tags":[],"class_list":["post-4336","post","type-post","status-publish","format-standard","has-post-thumbnail","hentry","category-guides-pratiques"],"yoast_head":"<!-- This site is optimized with the Yoast SEO plugin v27.4 - https:\/\/yoast.com\/product\/yoast-seo-wordpress\/ -->\n<title>Calculer ses besoins en \u00e9nergie en van : le guide essentiel pour vanlifers<\/title>\n<meta name=\"description\" content=\"D\u00e9couvrez comment calculer vos besoins en \u00e9nergie pour une vie en van dans notre guide ultra simple d\u00e9di\u00e9 aux vanlifers. Apprenez \u00e0 optimiser votre consommation d&#039;\u00e9nergie, \u00e0 choisir les bonnes sources et \u00e0 profiter d&#039;une aventure nomade sans soucis d&#039;\u00e9lectricit\u00e9. Parfait pour tous ceux qui r\u00eavent de libert\u00e9 sur la route !\" \/>\n<meta name=\"robots\" content=\"index, follow, max-snippet:-1, max-image-preview:large, max-video-preview:-1\" \/>\n<link rel=\"canonical\" href=\"https:\/\/stationnomade.com\/blog\/comment-calculer-ses-besoins-en-energie-quand-on-vit-en-van-guide-ultra-simple-pour-vanlifers\/\" \/>\n<meta property=\"og:locale\" content=\"fr_FR\" \/>\n<meta property=\"og:type\" content=\"article\" \/>\n<meta property=\"og:title\" content=\"Calculer ses besoins en \u00e9nergie en van : le guide essentiel pour vanlifers\" \/>\n<meta property=\"og:description\" content=\"D\u00e9couvrez comment calculer vos besoins en \u00e9nergie pour une vie en van dans notre guide ultra simple d\u00e9di\u00e9 aux vanlifers. Apprenez \u00e0 optimiser votre consommation d&#039;\u00e9nergie, \u00e0 choisir les bonnes sources et \u00e0 profiter d&#039;une aventure nomade sans soucis d&#039;\u00e9lectricit\u00e9. Parfait pour tous ceux qui r\u00eavent de libert\u00e9 sur la route !\" \/>\n<meta property=\"og:url\" content=\"https:\/\/stationnomade.com\/blog\/comment-calculer-ses-besoins-en-energie-quand-on-vit-en-van-guide-ultra-simple-pour-vanlifers\/\" \/>\n<meta property=\"og:site_name\" content=\"Station Nomade\" \/>\n<meta property=\"article:published_time\" content=\"2025-05-15T11:57:56+00:00\" \/>\n<meta property=\"article:modified_time\" content=\"2025-05-15T11:58:17+00:00\" \/>\n<meta property=\"og:image\" content=\"https:\/\/stationnomade.com\/blog\/wp-content\/uploads\/2025\/05\/Comment-calculer-ses-besoins-en-energie-quand-on-vit-en-van-guide-ultra-simple-pour-vanlifers.jpg\" \/>\n\t<meta property=\"og:image:width\" content=\"1344\" \/>\n\t<meta property=\"og:image:height\" content=\"768\" \/>\n\t<meta property=\"og:image:type\" content=\"image\/jpeg\" \/>\n<meta name=\"author\" content=\"Eva\" \/>\n<meta name=\"twitter:card\" content=\"summary_large_image\" \/>\n<meta name=\"twitter:label1\" content=\"\u00c9crit par\" \/>\n\t<meta name=\"twitter:data1\" content=\"Eva\" \/>\n\t<meta name=\"twitter:label2\" content=\"Dur\u00e9e de lecture estim\u00e9e\" \/>\n\t<meta name=\"twitter:data2\" content=\"12 minutes\" \/>\n<script type=\"application\/ld+json\" class=\"yoast-schema-graph\">{\"@context\":\"https:\\\/\\\/schema.org\",\"@graph\":[{\"@type\":\"Article\",\"@id\":\"https:\\\/\\\/stationnomade.com\\\/blog\\\/comment-calculer-ses-besoins-en-energie-quand-on-vit-en-van-guide-ultra-simple-pour-vanlifers\\\/#article\",\"isPartOf\":{\"@id\":\"https:\\\/\\\/stationnomade.com\\\/blog\\\/comment-calculer-ses-besoins-en-energie-quand-on-vit-en-van-guide-ultra-simple-pour-vanlifers\\\/\"},\"author\":{\"name\":\"Eva\",\"@id\":\"https:\\\/\\\/stationnomade.com\\\/blog\\\/#\\\/schema\\\/person\\\/c54aa02980571d265607169fc02308df\"},\"headline\":\"Comment calculer ses besoins en \u00e9nergie quand on vit en van (guide ultra simple pour vanlifers)\",\"datePublished\":\"2025-05-15T11:57:56+00:00\",\"dateModified\":\"2025-05-15T11:58:17+00:00\",\"mainEntityOfPage\":{\"@id\":\"https:\\\/\\\/stationnomade.com\\\/blog\\\/comment-calculer-ses-besoins-en-energie-quand-on-vit-en-van-guide-ultra-simple-pour-vanlifers\\\/\"},\"wordCount\":2051,\"image\":{\"@id\":\"https:\\\/\\\/stationnomade.com\\\/blog\\\/comment-calculer-ses-besoins-en-energie-quand-on-vit-en-van-guide-ultra-simple-pour-vanlifers\\\/#primaryimage\"},\"thumbnailUrl\":\"https:\\\/\\\/stationnomade.com\\\/blog\\\/wp-content\\\/uploads\\\/2025\\\/05\\\/Comment-calculer-ses-besoins-en-energie-quand-on-vit-en-van-guide-ultra-simple-pour-vanlifers.jpg\",\"articleSection\":[\"Guides pratiques\"],\"inLanguage\":\"fr-FR\"},{\"@type\":\"WebPage\",\"@id\":\"https:\\\/\\\/stationnomade.com\\\/blog\\\/comment-calculer-ses-besoins-en-energie-quand-on-vit-en-van-guide-ultra-simple-pour-vanlifers\\\/\",\"url\":\"https:\\\/\\\/stationnomade.com\\\/blog\\\/comment-calculer-ses-besoins-en-energie-quand-on-vit-en-van-guide-ultra-simple-pour-vanlifers\\\/\",\"name\":\"Calculer ses besoins en \u00e9nergie en van : le guide essentiel pour vanlifers\",\"isPartOf\":{\"@id\":\"https:\\\/\\\/stationnomade.com\\\/blog\\\/#website\"},\"primaryImageOfPage\":{\"@id\":\"https:\\\/\\\/stationnomade.com\\\/blog\\\/comment-calculer-ses-besoins-en-energie-quand-on-vit-en-van-guide-ultra-simple-pour-vanlifers\\\/#primaryimage\"},\"image\":{\"@id\":\"https:\\\/\\\/stationnomade.com\\\/blog\\\/comment-calculer-ses-besoins-en-energie-quand-on-vit-en-van-guide-ultra-simple-pour-vanlifers\\\/#primaryimage\"},\"thumbnailUrl\":\"https:\\\/\\\/stationnomade.com\\\/blog\\\/wp-content\\\/uploads\\\/2025\\\/05\\\/Comment-calculer-ses-besoins-en-energie-quand-on-vit-en-van-guide-ultra-simple-pour-vanlifers.jpg\",\"datePublished\":\"2025-05-15T11:57:56+00:00\",\"dateModified\":\"2025-05-15T11:58:17+00:00\",\"author\":{\"@id\":\"https:\\\/\\\/stationnomade.com\\\/blog\\\/#\\\/schema\\\/person\\\/c54aa02980571d265607169fc02308df\"},\"description\":\"D\u00e9couvrez comment calculer vos besoins en \u00e9nergie pour une vie en van dans notre guide ultra simple d\u00e9di\u00e9 aux vanlifers. Apprenez \u00e0 optimiser votre consommation d'\u00e9nergie, \u00e0 choisir les bonnes sources et \u00e0 profiter d'une aventure nomade sans soucis d'\u00e9lectricit\u00e9. Parfait pour tous ceux qui r\u00eavent de libert\u00e9 sur la route !\",\"breadcrumb\":{\"@id\":\"https:\\\/\\\/stationnomade.com\\\/blog\\\/comment-calculer-ses-besoins-en-energie-quand-on-vit-en-van-guide-ultra-simple-pour-vanlifers\\\/#breadcrumb\"},\"inLanguage\":\"fr-FR\",\"potentialAction\":[{\"@type\":\"ReadAction\",\"target\":[\"https:\\\/\\\/stationnomade.com\\\/blog\\\/comment-calculer-ses-besoins-en-energie-quand-on-vit-en-van-guide-ultra-simple-pour-vanlifers\\\/\"]}]},{\"@type\":\"ImageObject\",\"inLanguage\":\"fr-FR\",\"@id\":\"https:\\\/\\\/stationnomade.com\\\/blog\\\/comment-calculer-ses-besoins-en-energie-quand-on-vit-en-van-guide-ultra-simple-pour-vanlifers\\\/#primaryimage\",\"url\":\"https:\\\/\\\/stationnomade.com\\\/blog\\\/wp-content\\\/uploads\\\/2025\\\/05\\\/Comment-calculer-ses-besoins-en-energie-quand-on-vit-en-van-guide-ultra-simple-pour-vanlifers.jpg\",\"contentUrl\":\"https:\\\/\\\/stationnomade.com\\\/blog\\\/wp-content\\\/uploads\\\/2025\\\/05\\\/Comment-calculer-ses-besoins-en-energie-quand-on-vit-en-van-guide-ultra-simple-pour-vanlifers.jpg\",\"width\":1344,\"height\":768,\"caption\":\"d\u00e9couvrez notre guide ultra simple pour les vanlifers sur comment calculer vos besoins en \u00e9nergie lorsque vous vivez en van. apprenez \u00e0 optimiser votre consommation d'\u00e9nergie pour un voyage en toute autonomie et confort.\"},{\"@type\":\"BreadcrumbList\",\"@id\":\"https:\\\/\\\/stationnomade.com\\\/blog\\\/comment-calculer-ses-besoins-en-energie-quand-on-vit-en-van-guide-ultra-simple-pour-vanlifers\\\/#breadcrumb\",\"itemListElement\":[{\"@type\":\"ListItem\",\"position\":1,\"name\":\"Accueil\",\"item\":\"https:\\\/\\\/stationnomade.com\\\/blog\\\/\"},{\"@type\":\"ListItem\",\"position\":2,\"name\":\"Guides pratiques\",\"item\":\"https:\\\/\\\/stationnomade.com\\\/blog\\\/guides-pratiques\\\/\"},{\"@type\":\"ListItem\",\"position\":3,\"name\":\"Comment calculer ses besoins en \u00e9nergie quand on vit en van (guide ultra simple pour vanlifers)\"}]},{\"@type\":\"WebSite\",\"@id\":\"https:\\\/\\\/stationnomade.com\\\/blog\\\/#website\",\"url\":\"https:\\\/\\\/stationnomade.com\\\/blog\\\/\",\"name\":\"Station Nomade\",\"description\":\"Le guide des solutions d\u2019\u00e9nergie autonome pour les voyageurs, vanlifers, campeurs et adeptes de la vie off-grid.\",\"potentialAction\":[{\"@type\":\"SearchAction\",\"target\":{\"@type\":\"EntryPoint\",\"urlTemplate\":\"https:\\\/\\\/stationnomade.com\\\/blog\\\/?s={search_term_string}\"},\"query-input\":{\"@type\":\"PropertyValueSpecification\",\"valueRequired\":true,\"valueName\":\"search_term_string\"}}],\"inLanguage\":\"fr-FR\"},{\"@type\":\"Person\",\"@id\":\"https:\\\/\\\/stationnomade.com\\\/blog\\\/#\\\/schema\\\/person\\\/c54aa02980571d265607169fc02308df\",\"name\":\"Eva\",\"image\":{\"@type\":\"ImageObject\",\"inLanguage\":\"fr-FR\",\"@id\":\"https:\\\/\\\/secure.gravatar.com\\\/avatar\\\/?s=96&d=identicon&r=g\",\"url\":\"https:\\\/\\\/secure.gravatar.com\\\/avatar\\\/?s=96&d=identicon&r=g\",\"contentUrl\":\"https:\\\/\\\/secure.gravatar.com\\\/avatar\\\/?s=96&d=identicon&r=g\",\"caption\":\"Eva\"},\"description\":\"Vivre en harmonie avec la nature est ma philosophie. \u00c0 28 ans, je suis une vanlifer \u00e9coresponsable, parcourant les routes avec mon fourgon am\u00e9nag\u00e9. J'explore des paysages \u00e9poustouflants tout en adoptant un mode de vie durable et minimaliste. Mon voyage est une qu\u00eate pour partager des conseils sur le voyage responsable et c\u00e9l\u00e9brer la beaut\u00e9 de notre plan\u00e8te.\"}]}<\/script>\n<!-- \/ Yoast SEO plugin. -->","yoast_head_json":{"title":"Calculer ses besoins en \u00e9nergie en van : le guide essentiel pour vanlifers","description":"D\u00e9couvrez comment calculer vos besoins en \u00e9nergie pour une vie en van dans notre guide ultra simple d\u00e9di\u00e9 aux vanlifers. Apprenez \u00e0 optimiser votre consommation d'\u00e9nergie, \u00e0 choisir les bonnes sources et \u00e0 profiter d'une aventure nomade sans soucis d'\u00e9lectricit\u00e9. Parfait pour tous ceux qui r\u00eavent de libert\u00e9 sur la route !","robots":{"index":"index","follow":"follow","max-snippet":"max-snippet:-1","max-image-preview":"max-image-preview:large","max-video-preview":"max-video-preview:-1"},"canonical":"https:\/\/stationnomade.com\/blog\/comment-calculer-ses-besoins-en-energie-quand-on-vit-en-van-guide-ultra-simple-pour-vanlifers\/","og_locale":"fr_FR","og_type":"article","og_title":"Calculer ses besoins en \u00e9nergie en van : le guide essentiel pour vanlifers","og_description":"D\u00e9couvrez comment calculer vos besoins en \u00e9nergie pour une vie en van dans notre guide ultra simple d\u00e9di\u00e9 aux vanlifers. Apprenez \u00e0 optimiser votre consommation d'\u00e9nergie, \u00e0 choisir les bonnes sources et \u00e0 profiter d'une aventure nomade sans soucis d'\u00e9lectricit\u00e9. Parfait pour tous ceux qui r\u00eavent de libert\u00e9 sur la route !","og_url":"https:\/\/stationnomade.com\/blog\/comment-calculer-ses-besoins-en-energie-quand-on-vit-en-van-guide-ultra-simple-pour-vanlifers\/","og_site_name":"Station Nomade","article_published_time":"2025-05-15T11:57:56+00:00","article_modified_time":"2025-05-15T11:58:17+00:00","og_image":[{"width":1344,"height":768,"url":"https:\/\/stationnomade.com\/blog\/wp-content\/uploads\/2025\/05\/Comment-calculer-ses-besoins-en-energie-quand-on-vit-en-van-guide-ultra-simple-pour-vanlifers.jpg","type":"image\/jpeg"}],"author":"Eva","twitter_card":"summary_large_image","twitter_misc":{"\u00c9crit par":"Eva","Dur\u00e9e de lecture estim\u00e9e":"12 minutes"},"schema":{"@context":"https:\/\/schema.org","@graph":[{"@type":"Article","@id":"https:\/\/stationnomade.com\/blog\/comment-calculer-ses-besoins-en-energie-quand-on-vit-en-van-guide-ultra-simple-pour-vanlifers\/#article","isPartOf":{"@id":"https:\/\/stationnomade.com\/blog\/comment-calculer-ses-besoins-en-energie-quand-on-vit-en-van-guide-ultra-simple-pour-vanlifers\/"},"author":{"name":"Eva","@id":"https:\/\/stationnomade.com\/blog\/#\/schema\/person\/c54aa02980571d265607169fc02308df"},"headline":"Comment calculer ses besoins en \u00e9nergie quand on vit en van (guide ultra simple pour vanlifers)","datePublished":"2025-05-15T11:57:56+00:00","dateModified":"2025-05-15T11:58:17+00:00","mainEntityOfPage":{"@id":"https:\/\/stationnomade.com\/blog\/comment-calculer-ses-besoins-en-energie-quand-on-vit-en-van-guide-ultra-simple-pour-vanlifers\/"},"wordCount":2051,"image":{"@id":"https:\/\/stationnomade.com\/blog\/comment-calculer-ses-besoins-en-energie-quand-on-vit-en-van-guide-ultra-simple-pour-vanlifers\/#primaryimage"},"thumbnailUrl":"https:\/\/stationnomade.com\/blog\/wp-content\/uploads\/2025\/05\/Comment-calculer-ses-besoins-en-energie-quand-on-vit-en-van-guide-ultra-simple-pour-vanlifers.jpg","articleSection":["Guides pratiques"],"inLanguage":"fr-FR"},{"@type":"WebPage","@id":"https:\/\/stationnomade.com\/blog\/comment-calculer-ses-besoins-en-energie-quand-on-vit-en-van-guide-ultra-simple-pour-vanlifers\/","url":"https:\/\/stationnomade.com\/blog\/comment-calculer-ses-besoins-en-energie-quand-on-vit-en-van-guide-ultra-simple-pour-vanlifers\/","name":"Calculer ses besoins en \u00e9nergie en van : le guide essentiel pour vanlifers","isPartOf":{"@id":"https:\/\/stationnomade.com\/blog\/#website"},"primaryImageOfPage":{"@id":"https:\/\/stationnomade.com\/blog\/comment-calculer-ses-besoins-en-energie-quand-on-vit-en-van-guide-ultra-simple-pour-vanlifers\/#primaryimage"},"image":{"@id":"https:\/\/stationnomade.com\/blog\/comment-calculer-ses-besoins-en-energie-quand-on-vit-en-van-guide-ultra-simple-pour-vanlifers\/#primaryimage"},"thumbnailUrl":"https:\/\/stationnomade.com\/blog\/wp-content\/uploads\/2025\/05\/Comment-calculer-ses-besoins-en-energie-quand-on-vit-en-van-guide-ultra-simple-pour-vanlifers.jpg","datePublished":"2025-05-15T11:57:56+00:00","dateModified":"2025-05-15T11:58:17+00:00","author":{"@id":"https:\/\/stationnomade.com\/blog\/#\/schema\/person\/c54aa02980571d265607169fc02308df"},"description":"D\u00e9couvrez comment calculer vos besoins en \u00e9nergie pour une vie en van dans notre guide ultra simple d\u00e9di\u00e9 aux vanlifers. Apprenez \u00e0 optimiser votre consommation d'\u00e9nergie, \u00e0 choisir les bonnes sources et \u00e0 profiter d'une aventure nomade sans soucis d'\u00e9lectricit\u00e9. Parfait pour tous ceux qui r\u00eavent de libert\u00e9 sur la route !","breadcrumb":{"@id":"https:\/\/stationnomade.com\/blog\/comment-calculer-ses-besoins-en-energie-quand-on-vit-en-van-guide-ultra-simple-pour-vanlifers\/#breadcrumb"},"inLanguage":"fr-FR","potentialAction":[{"@type":"ReadAction","target":["https:\/\/stationnomade.com\/blog\/comment-calculer-ses-besoins-en-energie-quand-on-vit-en-van-guide-ultra-simple-pour-vanlifers\/"]}]},{"@type":"ImageObject","inLanguage":"fr-FR","@id":"https:\/\/stationnomade.com\/blog\/comment-calculer-ses-besoins-en-energie-quand-on-vit-en-van-guide-ultra-simple-pour-vanlifers\/#primaryimage","url":"https:\/\/stationnomade.com\/blog\/wp-content\/uploads\/2025\/05\/Comment-calculer-ses-besoins-en-energie-quand-on-vit-en-van-guide-ultra-simple-pour-vanlifers.jpg","contentUrl":"https:\/\/stationnomade.com\/blog\/wp-content\/uploads\/2025\/05\/Comment-calculer-ses-besoins-en-energie-quand-on-vit-en-van-guide-ultra-simple-pour-vanlifers.jpg","width":1344,"height":768,"caption":"d\u00e9couvrez notre guide ultra simple pour les vanlifers sur comment calculer vos besoins en \u00e9nergie lorsque vous vivez en van. apprenez \u00e0 optimiser votre consommation d'\u00e9nergie pour un voyage en toute autonomie et confort."},{"@type":"BreadcrumbList","@id":"https:\/\/stationnomade.com\/blog\/comment-calculer-ses-besoins-en-energie-quand-on-vit-en-van-guide-ultra-simple-pour-vanlifers\/#breadcrumb","itemListElement":[{"@type":"ListItem","position":1,"name":"Accueil","item":"https:\/\/stationnomade.com\/blog\/"},{"@type":"ListItem","position":2,"name":"Guides pratiques","item":"https:\/\/stationnomade.com\/blog\/guides-pratiques\/"},{"@type":"ListItem","position":3,"name":"Comment calculer ses besoins en \u00e9nergie quand on vit en van (guide ultra simple pour vanlifers)"}]},{"@type":"WebSite","@id":"https:\/\/stationnomade.com\/blog\/#website","url":"https:\/\/stationnomade.com\/blog\/","name":"Station Nomade","description":"Le guide des solutions d\u2019\u00e9nergie autonome pour les voyageurs, vanlifers, campeurs et adeptes de la vie off-grid.","potentialAction":[{"@type":"SearchAction","target":{"@type":"EntryPoint","urlTemplate":"https:\/\/stationnomade.com\/blog\/?s={search_term_string}"},"query-input":{"@type":"PropertyValueSpecification","valueRequired":true,"valueName":"search_term_string"}}],"inLanguage":"fr-FR"},{"@type":"Person","@id":"https:\/\/stationnomade.com\/blog\/#\/schema\/person\/c54aa02980571d265607169fc02308df","name":"Eva","image":{"@type":"ImageObject","inLanguage":"fr-FR","@id":"https:\/\/secure.gravatar.com\/avatar\/?s=96&d=identicon&r=g","url":"https:\/\/secure.gravatar.com\/avatar\/?s=96&d=identicon&r=g","contentUrl":"https:\/\/secure.gravatar.com\/avatar\/?s=96&d=identicon&r=g","caption":"Eva"},"description":"Vivre en harmonie avec la nature est ma philosophie. \u00c0 28 ans, je suis une vanlifer \u00e9coresponsable, parcourant les routes avec mon fourgon am\u00e9nag\u00e9. J'explore des paysages \u00e9poustouflants tout en adoptant un mode de vie durable et minimaliste. Mon voyage est une qu\u00eate pour partager des conseils sur le voyage responsable et c\u00e9l\u00e9brer la beaut\u00e9 de notre plan\u00e8te."}]}},"_links":{"self":[{"href":"https:\/\/stationnomade.com\/blog\/wp-json\/wp\/v2\/posts\/4336","targetHints":{"allow":["GET"]}}],"collection":[{"href":"https:\/\/stationnomade.com\/blog\/wp-json\/wp\/v2\/posts"}],"about":[{"href":"https:\/\/stationnomade.com\/blog\/wp-json\/wp\/v2\/types\/post"}],"author":[{"embeddable":true,"href":"https:\/\/stationnomade.com\/blog\/wp-json\/wp\/v2\/users\/7"}],"replies":[{"embeddable":true,"href":"https:\/\/stationnomade.com\/blog\/wp-json\/wp\/v2\/comments?post=4336"}],"version-history":[{"count":1,"href":"https:\/\/stationnomade.com\/blog\/wp-json\/wp\/v2\/posts\/4336\/revisions"}],"predecessor-version":[{"id":4337,"href":"https:\/\/stationnomade.com\/blog\/wp-json\/wp\/v2\/posts\/4336\/revisions\/4337"}],"wp:featuredmedia":[{"embeddable":true,"href":"https:\/\/stationnomade.com\/blog\/wp-json\/wp\/v2\/media\/4332"}],"wp:attachment":[{"href":"https:\/\/stationnomade.com\/blog\/wp-json\/wp\/v2\/media?parent=4336"}],"wp:term":[{"taxonomy":"category","embeddable":true,"href":"https:\/\/stationnomade.com\/blog\/wp-json\/wp\/v2\/categories?post=4336"},{"taxonomy":"post_tag","embeddable":true,"href":"https:\/\/stationnomade.com\/blog\/wp-json\/wp\/v2\/tags?post=4336"}],"curies":[{"name":"wp","href":"https:\/\/api.w.org\/{rel}","templated":true}]}}