{"id":4459,"date":"2025-05-18T08:38:05","date_gmt":"2025-05-18T06:38:05","guid":{"rendered":"https:\/\/stationnomade.com\/blog\/chargeur-dc-dc-van\/"},"modified":"2025-05-18T08:38:05","modified_gmt":"2025-05-18T06:38:05","slug":"chargeur-dc-dc-van","status":"publish","type":"post","link":"https:\/\/stationnomade.com\/blog\/chargeur-dc-dc-van\/","title":{"rendered":"Chargeur DC-DC : \u00e0 quoi sert-il en van am\u00e9nag\u00e9 ?"},"content":{"rendered":"<p>Alors que la vanlife s\u00e9duit de plus en plus d\u2019aventuriers, l\u2019autonomie \u00e9nerg\u00e9tique devient un enjeu crucial. Pas question de se retrouver \u00e0 court d\u2019\u00e9nergie pour son frigo, son ordinateur ou ses lampes LED en pleine nature ! Pourtant, recharger efficacement une batterie auxiliaire lorsqu\u2019on roule peut vite devenir un casse-t\u00eate. C\u2019est l\u00e0 qu\u2019intervient le <strong>chargeur DC-DC<\/strong>, un vrai petit h\u00e9ros m\u00e9connu des installations \u00e9lectriques mobiles. En optimisant la gestion et la redistribution de l\u2019\u00e9nergie entre la batterie moteur et la batterie de service, cet \u00e9quipement assure une recharge adapt\u00e9e, s\u00e9curis\u00e9e et prolong\u00e9e. D\u00e9couvrons en d\u00e9tail \u00e0 quoi sert un chargeur DC-DC en van am\u00e9nag\u00e9, comment il fonctionne, et pourquoi c\u2019est un investissement incontournable pour tout vanlifer moderne.<\/p>\n\n<div id=\"ez-toc-container\" class=\"ez-toc-v2_0_82_2 counter-hierarchy ez-toc-counter ez-toc-grey ez-toc-container-direction\">\n<div class=\"ez-toc-title-container\">\n<p class=\"ez-toc-title\" style=\"cursor:inherit\">Sommaire<\/p>\n<span class=\"ez-toc-title-toggle\"><a href=\"#\" class=\"ez-toc-pull-right ez-toc-btn ez-toc-btn-xs ez-toc-btn-default ez-toc-toggle\" aria-label=\"Toggle Table of Content\"><span class=\"ez-toc-js-icon-con\"><span class=\"\"><span class=\"eztoc-hide\" style=\"display:none;\">Toggle<\/span><span class=\"ez-toc-icon-toggle-span\"><svg style=\"fill: #999;color:#999\" xmlns=\"http:\/\/www.w3.org\/2000\/svg\" class=\"list-377408\" width=\"20px\" height=\"20px\" viewBox=\"0 0 24 24\" fill=\"none\"><path d=\"M6 6H4v2h2V6zm14 0H8v2h12V6zM4 11h2v2H4v-2zm16 0H8v2h12v-2zM4 16h2v2H4v-2zm16 0H8v2h12v-2z\" fill=\"currentColor\"><\/path><\/svg><svg style=\"fill: #999;color:#999\" class=\"arrow-unsorted-368013\" xmlns=\"http:\/\/www.w3.org\/2000\/svg\" width=\"10px\" height=\"10px\" viewBox=\"0 0 24 24\" version=\"1.2\" baseProfile=\"tiny\"><path d=\"M18.2 9.3l-6.2-6.3-6.2 6.3c-.2.2-.3.4-.3.7s.1.5.3.7c.2.2.4.3.7.3h11c.3 0 .5-.1.7-.3.2-.2.3-.5.3-.7s-.1-.5-.3-.7zM5.8 14.7l6.2 6.3 6.2-6.3c.2-.2.3-.5.3-.7s-.1-.5-.3-.7c-.2-.2-.4-.3-.7-.3h-11c-.3 0-.5.1-.7.3-.2.2-.3.5-.3.7s.1.5.3.7z\"\/><\/svg><\/span><\/span><\/span><\/a><\/span><\/div>\n<nav><ul class='ez-toc-list ez-toc-list-level-1 eztoc-toggle-hide-by-default' ><li class='ez-toc-page-1 ez-toc-heading-level-2'><a class=\"ez-toc-link ez-toc-heading-1\" href=\"https:\/\/stationnomade.com\/blog\/chargeur-dc-dc-van\/#un-chargeur-dc-dc-lallie-ideal-pour-une-recharge-efficace-en-roulant\" >Un chargeur DC-DC : l\u2019alli\u00e9 id\u00e9al pour une recharge efficace en roulant<\/a><ul class='ez-toc-list-level-3' ><li class='ez-toc-heading-level-3'><a class=\"ez-toc-link ez-toc-heading-2\" href=\"https:\/\/stationnomade.com\/blog\/chargeur-dc-dc-van\/#comment-fonctionne-precisement-un-dc-dc-dans-un-van-amenage\" >Comment fonctionne pr\u00e9cis\u00e9ment un DC-DC dans un van am\u00e9nag\u00e9 ?<\/a><\/li><\/ul><\/li><li class='ez-toc-page-1 ez-toc-heading-level-2'><a class=\"ez-toc-link ez-toc-heading-3\" href=\"https:\/\/stationnomade.com\/blog\/chargeur-dc-dc-van\/#dans-quel-cas-installer-un-chargeur-dc-dc-en-van-amenage\" >Dans quel cas installer un chargeur DC-DC en van am\u00e9nag\u00e9 ?<\/a><ul class='ez-toc-list-level-3' ><li class='ez-toc-heading-level-3'><a class=\"ez-toc-link ez-toc-heading-4\" href=\"https:\/\/stationnomade.com\/blog\/chargeur-dc-dc-van\/#choisir-son-chargeur-dc-dc-conseils-pratiques\" >Choisir son chargeur DC-DC : conseils pratiques<\/a><\/li><\/ul><\/li><li class='ez-toc-page-1 ez-toc-heading-level-2'><a class=\"ez-toc-link ez-toc-heading-5\" href=\"https:\/\/stationnomade.com\/blog\/chargeur-dc-dc-van\/#installation-et-entretien-dun-chargeur-dc-dc-dans-votre-van\" >Installation et entretien d\u2019un chargeur DC-DC dans votre van<\/a><\/li><li class='ez-toc-page-1 ez-toc-heading-level-2'><a class=\"ez-toc-link ez-toc-heading-6\" href=\"https:\/\/stationnomade.com\/blog\/chargeur-dc-dc-van\/#faq-%e2%80%93-questions-frequentes-sur-le-chargeur-dc-dc-en-van-amenage-%f0%9f%9a%90\" >FAQ &#8211; Questions fr\u00e9quentes sur le chargeur DC-DC en van am\u00e9nag\u00e9 \ud83d\ude90<\/a><\/li><\/ul><\/nav><\/div>\n<h2 class=\"wp-block-heading\"><span class=\"ez-toc-section\" id=\"un-chargeur-dc-dc-lallie-ideal-pour-une-recharge-efficace-en-roulant\"><\/span>Un chargeur DC-DC : l\u2019alli\u00e9 id\u00e9al pour une recharge efficace en roulant<span class=\"ez-toc-section-end\"><\/span><\/h2>\n\n<p>Le <strong>chargeur DC-DC<\/strong>, aussi appel\u00e9 booster, est con\u00e7u pour convertir et optimiser la tension \u00e9lectrique issue de la batterie moteur (ou alternateur) afin de charger correctement la batterie auxiliaire du van am\u00e9nag\u00e9.<\/p>\n\n<ul class=\"wp-block-list\"><li>\u26a1 <strong>Optimisation de la charge :<\/strong> il adapte automatiquement la tension et le courant d\u00e9livr\u00e9s pour correspondre aux exigences sp\u00e9cifiques de la batterie (AGM, Lithium, Gel, etc.).<\/li><li>\ud83d\udd0b <strong>Protection de la batterie :<\/strong> en \u00e9vitant la surcharge ou la sous-charge, il prolonge la dur\u00e9e de vie de la batterie auxiliaire.<\/li><li>\ud83c\udf3f <strong>Compatibilit\u00e9 avec normes environnementales :<\/strong> essentiel sur les v\u00e9hicules r\u00e9cents Euro 6, car les alternateurs modernes ne garantissent plus une tension stable adapt\u00e9e \u00e0 la recharge des batteries de service.<\/li><li>\ud83d\udd0c <strong>Adapt\u00e9 aux batteries Lithium :<\/strong> ses profils de charge multi-\u00e9tapes \u00e0 la fois rigoureux et flexibles sont id\u00e9aux pour les nouvelles g\u00e9n\u00e9rations de batteries LiFePO4 qui n\u00e9cessitent un soin particulier.<\/li><\/ul>\n\n<p>Cela signifie que vous obtenez une recharge fiable, m\u00eame durant les trajets, sans alt\u00e9rer les performances de votre \u00e9quipement \u00e9lectrique embarqu\u00e9.<\/p>\n\n<figure class=\"wp-block-image size-full\"><img loading=\"lazy\" decoding=\"async\" width=\"2560\" height=\"1429\" src=\"https:\/\/stationnomade.com\/blog\/wp-content\/uploads\/2025\/05\/Chargeur-DC-DC-a-quoi-sert-il-en-van-amenage-1-1-scaled.jpg\" alt=\"d\u00e9couvrez le r\u00f4le essentiel du chargeur dc-dc dans un van am\u00e9nag\u00e9. apprenez comment cet appareil optimise l&#039;alimentation \u00e9lectrique de vos \u00e9quipements en convertissant l&#039;\u00e9nergie de votre batterie de moteur, garantissant ainsi autonomie et performance lors de vos voyages.\" class=\"wp-image-4458\" srcset=\"https:\/\/stationnomade.com\/blog\/wp-content\/uploads\/2025\/05\/Chargeur-DC-DC-a-quoi-sert-il-en-van-amenage-1-1-scaled.jpg 2560w, https:\/\/stationnomade.com\/blog\/wp-content\/uploads\/2025\/05\/Chargeur-DC-DC-a-quoi-sert-il-en-van-amenage-1-1-300x167.jpg 300w, https:\/\/stationnomade.com\/blog\/wp-content\/uploads\/2025\/05\/Chargeur-DC-DC-a-quoi-sert-il-en-van-amenage-1-1-1024x572.jpg 1024w, https:\/\/stationnomade.com\/blog\/wp-content\/uploads\/2025\/05\/Chargeur-DC-DC-a-quoi-sert-il-en-van-amenage-1-1-768x429.jpg 768w, https:\/\/stationnomade.com\/blog\/wp-content\/uploads\/2025\/05\/Chargeur-DC-DC-a-quoi-sert-il-en-van-amenage-1-1-1536x857.jpg 1536w, https:\/\/stationnomade.com\/blog\/wp-content\/uploads\/2025\/05\/Chargeur-DC-DC-a-quoi-sert-il-en-van-amenage-1-1-2048x1143.jpg 2048w\" sizes=\"auto, (max-width: 2560px) 100vw, 2560px\" \/><\/figure>\n\n<h3 class=\"wp-block-heading\"><span class=\"ez-toc-section\" id=\"comment-fonctionne-precisement-un-dc-dc-dans-un-van-amenage\"><\/span>Comment fonctionne pr\u00e9cis\u00e9ment un DC-DC dans un van am\u00e9nag\u00e9 ?<span class=\"ez-toc-section-end\"><\/span><\/h3>\n\n<p>Ce convertisseur \u00e9lectrique \u00e9lectronique g\u00e8re la tension continue (DC) entre deux batteries diff\u00e9rentes :<\/p>\n\n<ul class=\"wp-block-list\"><li>\ud83d\udd27 Il <strong>r\u00e9cup\u00e8re l\u2019\u00e9nergie<\/strong> de la batterie moteur (souvent 12V ou 24V selon les v\u00e9hicules).<\/li><li>\u2699\ufe0f Il <strong>convertit la tension<\/strong> pour fournir un courant parfaitement adapt\u00e9 \u00e0 la batterie auxiliaire.<\/li><li>\ud83d\udcc8 Il <strong>assure une charge optimis\u00e9e<\/strong> en 3 phases principales\u00a0: Bulk (charge rapide), Absorption (charge r\u00e9gul\u00e9e), et Float (maintien de charge).<\/li><\/ul>\n\n<p>Contrairement au classique coupleur s\u00e9parateur, qui relie simplement deux batteries sans gestion fine, le DC-DC adapte la charge selon le type et l\u2019\u00e9tat de la batterie, pour une efficacit\u00e9 \u00e9nerg\u00e9tique maximis\u00e9e et une s\u00e9curit\u00e9 accrue.<\/p>\n\n<figure class=\"wp-block-table\"><table>\n<thead>\n<tr>\n<th>\u00c9l\u00e9ment \u2699\ufe0f<\/th>\n<th>Fonction \ud83d\udd0b<\/th>\n<th>Avantage cl\u00e9 \ud83c\udf1f<\/th>\n<\/tr>\n<\/thead>\n<tbody>\n<tr>\n<td>Tension d\u2019entr\u00e9e<\/td>\n<td>12V ou 24V depuis batterie moteur<\/td>\n<td>Valeur adapt\u00e9e aux mod\u00e8les v\u00e9hicules r\u00e9cents<\/td>\n<\/tr>\n<tr>\n<td>Sortie r\u00e9glable<\/td>\n<td>Charge batterie auxiliaire ajust\u00e9e selon type (AGM, Lithium)<\/td>\n<td>Prolonge la dur\u00e9e de vie de la batterie<\/td>\n<\/tr>\n<tr>\n<td>Protection \u00e9lectrique<\/td>\n<td>Protection contre surcharge, court-circuit et surchauffe<\/td>\n<td>S\u00e9curit\u00e9 maximale pour le mat\u00e9riel<\/td>\n<\/tr>\n<tr>\n<td>Contr\u00f4le intelligent<\/td>\n<td>Charge multi-\u00e9tapes optimis\u00e9e<\/td>\n<td>Meilleure autonomie et performance en conditions variables<\/td>\n<\/tr>\n<\/tbody>\n<\/table><\/figure>\n\n<h2 class=\"wp-block-heading\"><span class=\"ez-toc-section\" id=\"dans-quel-cas-installer-un-chargeur-dc-dc-en-van-amenage\"><\/span>Dans quel cas installer un chargeur DC-DC en van am\u00e9nag\u00e9 ?<span class=\"ez-toc-section-end\"><\/span><\/h2>\n\n<p>Le <strong>chargeur DC-DC<\/strong> devient indispensable dans de nombreuses situations pour tout vanlifers d\u00e9sireux d\u2019optimiser son autonomie \u00e9lectrique :<\/p>\n\n<ul class=\"wp-block-list\"><li>\ud83d\ude90 Le v\u00e9hicule int\u00e8gre une batterie auxiliaire d\u00e9di\u00e9e (lof, cong\u00e9lateur, PC portable\u2026)<\/li><li>\ud83d\udd0b Batterie lithium LiFePO4 (exigeante en charge contr\u00f4l\u00e9e)<\/li><li>\u2600\ufe0f Syst\u00e8me solaire + batterie auxiliaire n\u00e9cessitant un r\u00e9gulateur performant<\/li><li>\ud83d\udd0c Alternateur aux normes Euro 5\/Euro 6 (tension variable, incompatible avec coupleurs classiques)<\/li><li>\u26a1 Besoin d\u2019une recharge optimale pendant la conduite, sans perdre d\u2019\u00e9nergie.<\/li><\/ul>\n\n<p>Par exemple, une vanlife \u00e9quip\u00e9e de panneaux solaires Renogy ou Victron Energy combin\u00e9e \u00e0 un chargeur DC-DC fera le bonheur des digital nomads qui travaillent \u00e0 distance, garantissant une alimentation stable pour leur mat\u00e9riel (laptop, routeur 4G, \u00e9clairage LED).<\/p>\n\n<figure class=\"is-provider-youtube is-type-video wp-block-embed wp-block-embed-youtube wp-embed-aspect-16-9 wp-has-aspect-ratio\"><div class=\"wp-block-embed__wrapper\">\n<div class=\"container-lazyload preview-lazyload container-youtube js-lazyload--not-loaded\"><a href=\"https:\/\/www.youtube.com\/watch?v=mKvTJ-d7Ac4\" class=\"lazy-load-youtube preview-lazyload preview-youtube\" data-video-title=\"CHARGEUR BOOSTER(DC\/DC)EN AVEZ VOUS BESOIN?ALTERNATEUR\/EURO6\/CAMPING CAR\/VAN\" title=\"Play video &quot;CHARGEUR BOOSTER(DC\/DC)EN AVEZ VOUS BESOIN?ALTERNATEUR\/EURO6\/CAMPING CAR\/VAN&quot;\">https:\/\/www.youtube.com\/watch?v=mKvTJ-d7Ac4<\/a><noscript>Video can&rsquo;t be loaded because JavaScript is disabled: <a href=\"https:\/\/www.youtube.com\/watch?v=mKvTJ-d7Ac4\" title=\"CHARGEUR BOOSTER(DC\/DC)EN AVEZ VOUS BESOIN?ALTERNATEUR\/EURO6\/CAMPING CAR\/VAN\">CHARGEUR BOOSTER(DC\/DC)EN AVEZ VOUS BESOIN?ALTERNATEUR\/EURO6\/CAMPING CAR\/VAN (https:\/\/www.youtube.com\/watch?v=mKvTJ-d7Ac4)<\/a><\/noscript><\/div>\n<\/div><\/figure>\n\n<h3 class=\"wp-block-heading\"><span class=\"ez-toc-section\" id=\"choisir-son-chargeur-dc-dc-conseils-pratiques\"><\/span>Choisir son chargeur DC-DC : conseils pratiques<span class=\"ez-toc-section-end\"><\/span><\/h3>\n\n<p>Pour faire le meilleur choix, plusieurs crit\u00e8res sont \u00e0 consid\u00e9rer :<\/p>\n\n<ul class=\"wp-block-list\"><li>\u26a1 <strong>Capacit\u00e9 et intensit\u00e9 :<\/strong> privil\u00e9gier un mod\u00e8le dimensionn\u00e9 selon la capacit\u00e9 de votre batterie et vos besoins (ex : 30A, 50A\u2026)<\/li><li>\ud83d\udd27 <strong>Compatibilit\u00e9 batterie :<\/strong> v\u00e9rifier la prise en charge des batteries Lithium, AGM, Gel, etc., comme chez <strong>Ctek<\/strong> ou <strong>Sterling Power<\/strong><\/li><li>\ud83c\udfc5 <strong>Qualit\u00e9 et certifications :<\/strong> privil\u00e9gier les marques reconnues (Victron Energy, Dometic, Epever), certifi\u00e9es CE et UL pour garantir s\u00e9curit\u00e9 et fiabilit\u00e9<\/li><li>\ud83d\udee0 <strong>Fonctions intelligentes :<\/strong> choix du profil de charge, indication d\u2019erreur, protection thermique<\/li><li>\ud83d\udd04 <strong>Possibilit\u00e9 d\u2019int\u00e9gration :<\/strong> certains offrent une compatibilit\u00e9 avec EBL (ex : Toptron EL624) ou des syst\u00e8mes d\u00e9j\u00e0 install\u00e9s<\/li><\/ul>\n\n<p>Certaines marques comme <strong>Goal Zero<\/strong> ou <strong>Xantrex<\/strong> proposent aussi des chargeurs DC-DC adapt\u00e9s aux petites installations nomades.<\/p>\n\n<figure class=\"wp-block-table\"><table>\n<thead>\n<tr>\n<th>Marque \ud83d\ude90<\/th>\n<th>Mod\u00e8les populaires \u26a1<\/th>\n<th>Sp\u00e9cificit\u00e9s \ud83d\udee0<\/th>\n<\/tr>\n<\/thead>\n<tbody>\n<tr>\n<td>Victron Energy<\/td>\n<td>Orion-Tr Smart 12\/12-30A<\/td>\n<td>Charge multi-\u00e9tapes, Bluetooth int\u00e9gr\u00e9, profils lithium<\/td>\n<\/tr>\n<tr>\n<td>Ctek<\/td>\n<td>D250S Dual<\/td>\n<td>Gestion qui adapte la charge, protection thermique, id\u00e9al batteries lithium<\/td>\n<\/tr>\n<tr>\n<td>Sterling Power<\/td>\n<td>BCB12150<\/td>\n<td>Robuste, charges rapides, compatible EBL et lithium<\/td>\n<\/tr>\n<tr>\n<td>Dometic<\/td>\n<td>SMP439<\/td>\n<td>Int\u00e9gration facile, compatible batteries plomb et lithium<\/td>\n<\/tr>\n<tr>\n<td>Epever<\/td>\n<td>Tracer BN<\/td>\n<td>Chargeur et r\u00e9gulateur solaire combin\u00e9 possible<\/td>\n<\/tr>\n<\/tbody>\n<\/table><\/figure>\n\n<h2 class=\"wp-block-heading\"><span class=\"ez-toc-section\" id=\"installation-et-entretien-dun-chargeur-dc-dc-dans-votre-van\"><\/span>Installation et entretien d\u2019un chargeur DC-DC dans votre van<span class=\"ez-toc-section-end\"><\/span><\/h2>\n\n<p>Pour garantir une performance optimale et une s\u00e9curit\u00e9 accrue :<\/p>\n\n<ul class=\"wp-block-list\"><li>\ud83d\udee0 <strong>Installation professionnelle :<\/strong> pr\u00e9f\u00e9rable pour ma\u00eetriser le c\u00e2blage entre batterie moteur, batterie auxiliaire, et EBL<\/li><li>\ud83d\udd27 <strong>Utilisation de c\u00e2bles adapt\u00e9s :<\/strong> section suffisante pour \u00e9viter les pertes de tension<\/li><li>\u26a0\ufe0f <strong>Protection par fusibles :<\/strong> \u00e0 poser en amont du chargeur et en aval vers la batterie auxiliaire<\/li><li>\ud83d\udd04 <strong>Raccordement avec EBL :<\/strong> v\u00e9rifier la compatibilit\u00e9 et adapter le c\u00e2blage (notamment suppression du couplage en fonction du montage)<\/li><li>\ud83e\uddf0 <strong>Entretien r\u00e9gulier :<\/strong> contr\u00f4le des connexions, nettoyage des bornes, v\u00e9rification de l\u2019\u00e9tat g\u00e9n\u00e9ral<\/li><\/ul>\n\n<p>Un bon entretien prolonge la dur\u00e9e de vie de votre installation et \u00e9vite les mauvaises surprises lors de vos escapades.<\/p>\n\n<figure class=\"is-provider-youtube is-type-video wp-block-embed wp-block-embed-youtube wp-embed-aspect-16-9 wp-has-aspect-ratio\"><div class=\"wp-block-embed__wrapper\">\n<div class=\"container-lazyload preview-lazyload container-youtube js-lazyload--not-loaded\"><a href=\"https:\/\/www.youtube.com\/watch?v=D3Hb6BOwpHU\" class=\"lazy-load-youtube preview-lazyload preview-youtube\" data-video-title=\"Sch\u00e9ma \u00e9lectrique Camping-car, Van et Fourgon am\u00e9nag\u00e9\" title=\"Play video &quot;Sch\u00e9ma \u00e9lectrique Camping-car, Van et Fourgon am\u00e9nag\u00e9&quot;\">https:\/\/www.youtube.com\/watch?v=D3Hb6BOwpHU<\/a><noscript>Video can&rsquo;t be loaded because JavaScript is disabled: <a href=\"https:\/\/www.youtube.com\/watch?v=D3Hb6BOwpHU\" title=\"Sch\u00e9ma \u00e9lectrique Camping-car, Van et Fourgon am\u00e9nag\u00e9\">Sch\u00e9ma \u00e9lectrique Camping-car, Van et Fourgon am\u00e9nag\u00e9 (https:\/\/www.youtube.com\/watch?v=D3Hb6BOwpHU)<\/a><\/noscript><\/div>\n<\/div><\/figure>\n\n<h2 class=\"wp-block-heading\"><span class=\"ez-toc-section\" id=\"faq-%e2%80%93-questions-frequentes-sur-le-chargeur-dc-dc-en-van-amenage-%f0%9f%9a%90\"><\/span>FAQ &#8211; Questions fr\u00e9quentes sur le chargeur DC-DC en van am\u00e9nag\u00e9 \ud83d\ude90<span class=\"ez-toc-section-end\"><\/span><\/h2>\n\n<ul class=\"wp-block-list\"><li><strong>\u2753 Peut-on installer un DC-DC avec une batterie AGM ?<\/strong><br>Oui, m\u00eame si certains affirment que c\u2019est surtout utile pour le lithium, un chargeur DC-DC optimise la charge quel que soit le type. Cela \u00e9vite la surcharge et optimise la dur\u00e9e de vie de votre batterie AGM.<\/li><li><strong>\u2753 Le chargeur DC-DC remplace-t-il le coupleur s\u00e9parateur ?<\/strong><br>Non, il remplace surtout le coupleur s\u00e9parateur classique en offrant une gestion plus fine et intelligente de la charge, indispensable sur les v\u00e9hicules r\u00e9cents avec alternateurs Euro 5\/6.<\/li><li><strong>\u2753 Quelle puissance choisir pour un chargeur DC-DC ?<\/strong><br>Elle d\u00e9pend de la capacit\u00e9 de la batterie auxiliaire et de vos besoins en \u00e9nergie, g\u00e9n\u00e9ralement entre 20A et 70A, comme les mod\u00e8les propos\u00e9s par Sterling Power ou Victron Energy.<\/li><li><strong>\u2753 Un DC-DC suffit-il pour recharger une batterie lithium seule ?<\/strong><br>Il contribue grandement \u00e0 une charge optimale, mais il faut aussi s\u2019assurer que le chargeur AC\/DC ou le r\u00e9gulateur solaire soit compatible lithium, sous peine d\u2019ab\u00eemer la batterie.<\/li><li><strong>\u2753 Comment savoir si mon alternateur est compatible avec un DC-DC ?<\/strong><br>Les v\u00e9hicules r\u00e9cents aux normes Euro 5 et Euro 6 n\u00e9cessitent g\u00e9n\u00e9ralement un chargeur DC-DC pour assurer une charge stable et performante, car l\u2019alternateur ne d\u00e9livre plus une tension constante adapt\u00e9e aux batteries auxiliaires.<\/li><\/ul>\n\n<p>Pour approfondir vos besoins en \u00e9nergie et mieux dimensionner votre installation, d\u00e9couvrez notre guide complet sur <a href=\"https:\/\/stationnomade.com\/blog\/comment-calculer-ses-besoins-en-energie-quand-on-vit-en-van-guide-ultra-simple-pour-vanlifers\/\">comment calculer ses besoins en \u00e9nergie en van am\u00e9nag\u00e9<\/a>.<\/p>\n\n","protected":false},"excerpt":{"rendered":"<p>Alors que la vanlife s\u00e9duit de plus en plus d\u2019aventuriers, l\u2019autonomie \u00e9nerg\u00e9tique devient un enjeu crucial. Pas question de se&#8230;<\/p>\n","protected":false},"author":7,"featured_media":4457,"comment_status":"","ping_status":"","sticky":false,"template":"","format":"standard","meta":{"_kadence_starter_templates_imported_post":false,"_kad_post_transparent":"","_kad_post_title":"","_kad_post_layout":"","_kad_post_sidebar_id":"","_kad_post_content_style":"","_kad_post_vertical_padding":"","_kad_post_feature":"","_kad_post_feature_position":"","_kad_post_header":false,"_kad_post_footer":false,"_kad_post_classname":"","footnotes":""},"categories":[57],"tags":[],"class_list":["post-4459","post","type-post","status-publish","format-standard","has-post-thumbnail","hentry","category-vanlife"],"yoast_head":"<!-- This site is optimized with the Yoast SEO plugin v27.4 - https:\/\/yoast.com\/product\/yoast-seo-wordpress\/ -->\n<title>\u25b7 Chargeur DC-DC : \u00e0 quoi sert-il en van am\u00e9nag\u00e9 ?<\/title>\n<meta name=\"description\" content=\"D\u00e9couvrez l&#039;importance d&#039;un chargeur DC-DC pour van am\u00e9nag\u00e9. Optimisez l&#039;\u00e9nergie de votre v\u00e9hicule et rechargez vos batteries auxiliaires efficacement lors de vos voyages. Apprenez comment cet \u00e9quipement essentiel am\u00e9liore l&#039;autonomie et le confort de votre van tout en garantissant une alimentation s\u00e9curis\u00e9e pour vos appareils.\" \/>\n<meta name=\"robots\" content=\"index, follow, max-snippet:-1, max-image-preview:large, max-video-preview:-1\" \/>\n<link rel=\"canonical\" href=\"https:\/\/stationnomade.com\/blog\/chargeur-dc-dc-van\/\" \/>\n<meta property=\"og:locale\" content=\"fr_FR\" \/>\n<meta property=\"og:type\" content=\"article\" \/>\n<meta property=\"og:title\" content=\"\u25b7 Chargeur DC-DC : \u00e0 quoi sert-il en van am\u00e9nag\u00e9 ?\" \/>\n<meta property=\"og:description\" content=\"D\u00e9couvrez l&#039;importance d&#039;un chargeur DC-DC pour van am\u00e9nag\u00e9. Optimisez l&#039;\u00e9nergie de votre v\u00e9hicule et rechargez vos batteries auxiliaires efficacement lors de vos voyages. Apprenez comment cet \u00e9quipement essentiel am\u00e9liore l&#039;autonomie et le confort de votre van tout en garantissant une alimentation s\u00e9curis\u00e9e pour vos appareils.\" \/>\n<meta property=\"og:url\" content=\"https:\/\/stationnomade.com\/blog\/chargeur-dc-dc-van\/\" \/>\n<meta property=\"og:site_name\" content=\"Station Nomade\" \/>\n<meta property=\"article:published_time\" content=\"2025-05-18T06:38:05+00:00\" \/>\n<meta property=\"og:image\" content=\"https:\/\/stationnomade.com\/blog\/wp-content\/uploads\/2025\/05\/Chargeur-DC-DC-a-quoi-sert-il-en-van-amenage--scaled.jpg\" \/>\n\t<meta property=\"og:image:width\" content=\"2560\" \/>\n\t<meta property=\"og:image:height\" content=\"1429\" \/>\n\t<meta property=\"og:image:type\" content=\"image\/jpeg\" \/>\n<meta name=\"author\" content=\"Eva\" \/>\n<meta name=\"twitter:card\" content=\"summary_large_image\" \/>\n<meta name=\"twitter:label1\" content=\"\u00c9crit par\" \/>\n\t<meta name=\"twitter:data1\" content=\"Eva\" \/>\n\t<meta name=\"twitter:label2\" content=\"Dur\u00e9e de lecture estim\u00e9e\" \/>\n\t<meta name=\"twitter:data2\" content=\"6 minutes\" \/>\n<script type=\"application\/ld+json\" class=\"yoast-schema-graph\">{\"@context\":\"https:\\\/\\\/schema.org\",\"@graph\":[{\"@type\":\"Article\",\"@id\":\"https:\\\/\\\/stationnomade.com\\\/blog\\\/chargeur-dc-dc-van\\\/#article\",\"isPartOf\":{\"@id\":\"https:\\\/\\\/stationnomade.com\\\/blog\\\/chargeur-dc-dc-van\\\/\"},\"author\":{\"name\":\"Eva\",\"@id\":\"https:\\\/\\\/stationnomade.com\\\/blog\\\/#\\\/schema\\\/person\\\/c54aa02980571d265607169fc02308df\"},\"headline\":\"Chargeur DC-DC : \u00e0 quoi sert-il en van am\u00e9nag\u00e9 ?\",\"datePublished\":\"2025-05-18T06:38:05+00:00\",\"mainEntityOfPage\":{\"@id\":\"https:\\\/\\\/stationnomade.com\\\/blog\\\/chargeur-dc-dc-van\\\/\"},\"wordCount\":1250,\"image\":{\"@id\":\"https:\\\/\\\/stationnomade.com\\\/blog\\\/chargeur-dc-dc-van\\\/#primaryimage\"},\"thumbnailUrl\":\"https:\\\/\\\/stationnomade.com\\\/blog\\\/wp-content\\\/uploads\\\/2025\\\/05\\\/Chargeur-DC-DC-a-quoi-sert-il-en-van-amenage--scaled.jpg\",\"articleSection\":[\"Vanlife\"],\"inLanguage\":\"fr-FR\"},{\"@type\":\"WebPage\",\"@id\":\"https:\\\/\\\/stationnomade.com\\\/blog\\\/chargeur-dc-dc-van\\\/\",\"url\":\"https:\\\/\\\/stationnomade.com\\\/blog\\\/chargeur-dc-dc-van\\\/\",\"name\":\"\u25b7 Chargeur DC-DC : \u00e0 quoi sert-il en van am\u00e9nag\u00e9 ?\",\"isPartOf\":{\"@id\":\"https:\\\/\\\/stationnomade.com\\\/blog\\\/#website\"},\"primaryImageOfPage\":{\"@id\":\"https:\\\/\\\/stationnomade.com\\\/blog\\\/chargeur-dc-dc-van\\\/#primaryimage\"},\"image\":{\"@id\":\"https:\\\/\\\/stationnomade.com\\\/blog\\\/chargeur-dc-dc-van\\\/#primaryimage\"},\"thumbnailUrl\":\"https:\\\/\\\/stationnomade.com\\\/blog\\\/wp-content\\\/uploads\\\/2025\\\/05\\\/Chargeur-DC-DC-a-quoi-sert-il-en-van-amenage--scaled.jpg\",\"datePublished\":\"2025-05-18T06:38:05+00:00\",\"author\":{\"@id\":\"https:\\\/\\\/stationnomade.com\\\/blog\\\/#\\\/schema\\\/person\\\/c54aa02980571d265607169fc02308df\"},\"description\":\"D\u00e9couvrez l'importance d'un chargeur DC-DC pour van am\u00e9nag\u00e9. Optimisez l'\u00e9nergie de votre v\u00e9hicule et rechargez vos batteries auxiliaires efficacement lors de vos voyages. Apprenez comment cet \u00e9quipement essentiel am\u00e9liore l'autonomie et le confort de votre van tout en garantissant une alimentation s\u00e9curis\u00e9e pour vos appareils.\",\"breadcrumb\":{\"@id\":\"https:\\\/\\\/stationnomade.com\\\/blog\\\/chargeur-dc-dc-van\\\/#breadcrumb\"},\"inLanguage\":\"fr-FR\",\"potentialAction\":[{\"@type\":\"ReadAction\",\"target\":[\"https:\\\/\\\/stationnomade.com\\\/blog\\\/chargeur-dc-dc-van\\\/\"]}]},{\"@type\":\"ImageObject\",\"inLanguage\":\"fr-FR\",\"@id\":\"https:\\\/\\\/stationnomade.com\\\/blog\\\/chargeur-dc-dc-van\\\/#primaryimage\",\"url\":\"https:\\\/\\\/stationnomade.com\\\/blog\\\/wp-content\\\/uploads\\\/2025\\\/05\\\/Chargeur-DC-DC-a-quoi-sert-il-en-van-amenage--scaled.jpg\",\"contentUrl\":\"https:\\\/\\\/stationnomade.com\\\/blog\\\/wp-content\\\/uploads\\\/2025\\\/05\\\/Chargeur-DC-DC-a-quoi-sert-il-en-van-amenage--scaled.jpg\",\"width\":2560,\"height\":1429,\"caption\":\"d\u00e9couvrez le r\u00f4le essentiel du chargeur dc-dc dans un van am\u00e9nag\u00e9. cet appareil permet de recharger les batteries auxiliaires \u00e0 partir de l'alternateur du v\u00e9hicule, garantissant ainsi une autonomie prolong\u00e9e et un confort optimal lors de vos aventures sur la route. apprenez comment bien l'utiliser pour maximiser votre \u00e9quipement.\"},{\"@type\":\"BreadcrumbList\",\"@id\":\"https:\\\/\\\/stationnomade.com\\\/blog\\\/chargeur-dc-dc-van\\\/#breadcrumb\",\"itemListElement\":[{\"@type\":\"ListItem\",\"position\":1,\"name\":\"Accueil\",\"item\":\"https:\\\/\\\/stationnomade.com\\\/blog\\\/\"},{\"@type\":\"ListItem\",\"position\":2,\"name\":\"Non class\u00e9\",\"item\":\"https:\\\/\\\/stationnomade.com\\\/blog\\\/non-classe\\\/\"},{\"@type\":\"ListItem\",\"position\":3,\"name\":\"Chargeur DC-DC : \u00e0 quoi sert-il en van am\u00e9nag\u00e9 ?\"}]},{\"@type\":\"WebSite\",\"@id\":\"https:\\\/\\\/stationnomade.com\\\/blog\\\/#website\",\"url\":\"https:\\\/\\\/stationnomade.com\\\/blog\\\/\",\"name\":\"Station Nomade\",\"description\":\"Le guide des solutions d\u2019\u00e9nergie autonome pour les voyageurs, vanlifers, campeurs et adeptes de la vie off-grid.\",\"potentialAction\":[{\"@type\":\"SearchAction\",\"target\":{\"@type\":\"EntryPoint\",\"urlTemplate\":\"https:\\\/\\\/stationnomade.com\\\/blog\\\/?s={search_term_string}\"},\"query-input\":{\"@type\":\"PropertyValueSpecification\",\"valueRequired\":true,\"valueName\":\"search_term_string\"}}],\"inLanguage\":\"fr-FR\"},{\"@type\":\"Person\",\"@id\":\"https:\\\/\\\/stationnomade.com\\\/blog\\\/#\\\/schema\\\/person\\\/c54aa02980571d265607169fc02308df\",\"name\":\"Eva\",\"image\":{\"@type\":\"ImageObject\",\"inLanguage\":\"fr-FR\",\"@id\":\"https:\\\/\\\/secure.gravatar.com\\\/avatar\\\/?s=96&d=identicon&r=g\",\"url\":\"https:\\\/\\\/secure.gravatar.com\\\/avatar\\\/?s=96&d=identicon&r=g\",\"contentUrl\":\"https:\\\/\\\/secure.gravatar.com\\\/avatar\\\/?s=96&d=identicon&r=g\",\"caption\":\"Eva\"},\"description\":\"Vivre en harmonie avec la nature est ma philosophie. \u00c0 28 ans, je suis une vanlifer \u00e9coresponsable, parcourant les routes avec mon fourgon am\u00e9nag\u00e9. J'explore des paysages \u00e9poustouflants tout en adoptant un mode de vie durable et minimaliste. Mon voyage est une qu\u00eate pour partager des conseils sur le voyage responsable et c\u00e9l\u00e9brer la beaut\u00e9 de notre plan\u00e8te.\"}]}<\/script>\n<!-- \/ Yoast SEO plugin. -->","yoast_head_json":{"title":"\u25b7 Chargeur DC-DC : \u00e0 quoi sert-il en van am\u00e9nag\u00e9 ?","description":"D\u00e9couvrez l'importance d'un chargeur DC-DC pour van am\u00e9nag\u00e9. Optimisez l'\u00e9nergie de votre v\u00e9hicule et rechargez vos batteries auxiliaires efficacement lors de vos voyages. Apprenez comment cet \u00e9quipement essentiel am\u00e9liore l'autonomie et le confort de votre van tout en garantissant une alimentation s\u00e9curis\u00e9e pour vos appareils.","robots":{"index":"index","follow":"follow","max-snippet":"max-snippet:-1","max-image-preview":"max-image-preview:large","max-video-preview":"max-video-preview:-1"},"canonical":"https:\/\/stationnomade.com\/blog\/chargeur-dc-dc-van\/","og_locale":"fr_FR","og_type":"article","og_title":"\u25b7 Chargeur DC-DC : \u00e0 quoi sert-il en van am\u00e9nag\u00e9 ?","og_description":"D\u00e9couvrez l'importance d'un chargeur DC-DC pour van am\u00e9nag\u00e9. Optimisez l'\u00e9nergie de votre v\u00e9hicule et rechargez vos batteries auxiliaires efficacement lors de vos voyages. Apprenez comment cet \u00e9quipement essentiel am\u00e9liore l'autonomie et le confort de votre van tout en garantissant une alimentation s\u00e9curis\u00e9e pour vos appareils.","og_url":"https:\/\/stationnomade.com\/blog\/chargeur-dc-dc-van\/","og_site_name":"Station Nomade","article_published_time":"2025-05-18T06:38:05+00:00","og_image":[{"width":2560,"height":1429,"url":"https:\/\/stationnomade.com\/blog\/wp-content\/uploads\/2025\/05\/Chargeur-DC-DC-a-quoi-sert-il-en-van-amenage--scaled.jpg","type":"image\/jpeg"}],"author":"Eva","twitter_card":"summary_large_image","twitter_misc":{"\u00c9crit par":"Eva","Dur\u00e9e de lecture estim\u00e9e":"6 minutes"},"schema":{"@context":"https:\/\/schema.org","@graph":[{"@type":"Article","@id":"https:\/\/stationnomade.com\/blog\/chargeur-dc-dc-van\/#article","isPartOf":{"@id":"https:\/\/stationnomade.com\/blog\/chargeur-dc-dc-van\/"},"author":{"name":"Eva","@id":"https:\/\/stationnomade.com\/blog\/#\/schema\/person\/c54aa02980571d265607169fc02308df"},"headline":"Chargeur DC-DC : \u00e0 quoi sert-il en van am\u00e9nag\u00e9 ?","datePublished":"2025-05-18T06:38:05+00:00","mainEntityOfPage":{"@id":"https:\/\/stationnomade.com\/blog\/chargeur-dc-dc-van\/"},"wordCount":1250,"image":{"@id":"https:\/\/stationnomade.com\/blog\/chargeur-dc-dc-van\/#primaryimage"},"thumbnailUrl":"https:\/\/stationnomade.com\/blog\/wp-content\/uploads\/2025\/05\/Chargeur-DC-DC-a-quoi-sert-il-en-van-amenage--scaled.jpg","articleSection":["Vanlife"],"inLanguage":"fr-FR"},{"@type":"WebPage","@id":"https:\/\/stationnomade.com\/blog\/chargeur-dc-dc-van\/","url":"https:\/\/stationnomade.com\/blog\/chargeur-dc-dc-van\/","name":"\u25b7 Chargeur DC-DC : \u00e0 quoi sert-il en van am\u00e9nag\u00e9 ?","isPartOf":{"@id":"https:\/\/stationnomade.com\/blog\/#website"},"primaryImageOfPage":{"@id":"https:\/\/stationnomade.com\/blog\/chargeur-dc-dc-van\/#primaryimage"},"image":{"@id":"https:\/\/stationnomade.com\/blog\/chargeur-dc-dc-van\/#primaryimage"},"thumbnailUrl":"https:\/\/stationnomade.com\/blog\/wp-content\/uploads\/2025\/05\/Chargeur-DC-DC-a-quoi-sert-il-en-van-amenage--scaled.jpg","datePublished":"2025-05-18T06:38:05+00:00","author":{"@id":"https:\/\/stationnomade.com\/blog\/#\/schema\/person\/c54aa02980571d265607169fc02308df"},"description":"D\u00e9couvrez l'importance d'un chargeur DC-DC pour van am\u00e9nag\u00e9. Optimisez l'\u00e9nergie de votre v\u00e9hicule et rechargez vos batteries auxiliaires efficacement lors de vos voyages. Apprenez comment cet \u00e9quipement essentiel am\u00e9liore l'autonomie et le confort de votre van tout en garantissant une alimentation s\u00e9curis\u00e9e pour vos appareils.","breadcrumb":{"@id":"https:\/\/stationnomade.com\/blog\/chargeur-dc-dc-van\/#breadcrumb"},"inLanguage":"fr-FR","potentialAction":[{"@type":"ReadAction","target":["https:\/\/stationnomade.com\/blog\/chargeur-dc-dc-van\/"]}]},{"@type":"ImageObject","inLanguage":"fr-FR","@id":"https:\/\/stationnomade.com\/blog\/chargeur-dc-dc-van\/#primaryimage","url":"https:\/\/stationnomade.com\/blog\/wp-content\/uploads\/2025\/05\/Chargeur-DC-DC-a-quoi-sert-il-en-van-amenage--scaled.jpg","contentUrl":"https:\/\/stationnomade.com\/blog\/wp-content\/uploads\/2025\/05\/Chargeur-DC-DC-a-quoi-sert-il-en-van-amenage--scaled.jpg","width":2560,"height":1429,"caption":"d\u00e9couvrez le r\u00f4le essentiel du chargeur dc-dc dans un van am\u00e9nag\u00e9. cet appareil permet de recharger les batteries auxiliaires \u00e0 partir de l'alternateur du v\u00e9hicule, garantissant ainsi une autonomie prolong\u00e9e et un confort optimal lors de vos aventures sur la route. apprenez comment bien l'utiliser pour maximiser votre \u00e9quipement."},{"@type":"BreadcrumbList","@id":"https:\/\/stationnomade.com\/blog\/chargeur-dc-dc-van\/#breadcrumb","itemListElement":[{"@type":"ListItem","position":1,"name":"Accueil","item":"https:\/\/stationnomade.com\/blog\/"},{"@type":"ListItem","position":2,"name":"Non class\u00e9","item":"https:\/\/stationnomade.com\/blog\/non-classe\/"},{"@type":"ListItem","position":3,"name":"Chargeur DC-DC : \u00e0 quoi sert-il en van am\u00e9nag\u00e9 ?"}]},{"@type":"WebSite","@id":"https:\/\/stationnomade.com\/blog\/#website","url":"https:\/\/stationnomade.com\/blog\/","name":"Station Nomade","description":"Le guide des solutions d\u2019\u00e9nergie autonome pour les voyageurs, vanlifers, campeurs et adeptes de la vie off-grid.","potentialAction":[{"@type":"SearchAction","target":{"@type":"EntryPoint","urlTemplate":"https:\/\/stationnomade.com\/blog\/?s={search_term_string}"},"query-input":{"@type":"PropertyValueSpecification","valueRequired":true,"valueName":"search_term_string"}}],"inLanguage":"fr-FR"},{"@type":"Person","@id":"https:\/\/stationnomade.com\/blog\/#\/schema\/person\/c54aa02980571d265607169fc02308df","name":"Eva","image":{"@type":"ImageObject","inLanguage":"fr-FR","@id":"https:\/\/secure.gravatar.com\/avatar\/?s=96&d=identicon&r=g","url":"https:\/\/secure.gravatar.com\/avatar\/?s=96&d=identicon&r=g","contentUrl":"https:\/\/secure.gravatar.com\/avatar\/?s=96&d=identicon&r=g","caption":"Eva"},"description":"Vivre en harmonie avec la nature est ma philosophie. \u00c0 28 ans, je suis une vanlifer \u00e9coresponsable, parcourant les routes avec mon fourgon am\u00e9nag\u00e9. J'explore des paysages \u00e9poustouflants tout en adoptant un mode de vie durable et minimaliste. Mon voyage est une qu\u00eate pour partager des conseils sur le voyage responsable et c\u00e9l\u00e9brer la beaut\u00e9 de notre plan\u00e8te."}]}},"_links":{"self":[{"href":"https:\/\/stationnomade.com\/blog\/wp-json\/wp\/v2\/posts\/4459","targetHints":{"allow":["GET"]}}],"collection":[{"href":"https:\/\/stationnomade.com\/blog\/wp-json\/wp\/v2\/posts"}],"about":[{"href":"https:\/\/stationnomade.com\/blog\/wp-json\/wp\/v2\/types\/post"}],"author":[{"embeddable":true,"href":"https:\/\/stationnomade.com\/blog\/wp-json\/wp\/v2\/users\/7"}],"replies":[{"embeddable":true,"href":"https:\/\/stationnomade.com\/blog\/wp-json\/wp\/v2\/comments?post=4459"}],"version-history":[{"count":0,"href":"https:\/\/stationnomade.com\/blog\/wp-json\/wp\/v2\/posts\/4459\/revisions"}],"wp:featuredmedia":[{"embeddable":true,"href":"https:\/\/stationnomade.com\/blog\/wp-json\/wp\/v2\/media\/4457"}],"wp:attachment":[{"href":"https:\/\/stationnomade.com\/blog\/wp-json\/wp\/v2\/media?parent=4459"}],"wp:term":[{"taxonomy":"category","embeddable":true,"href":"https:\/\/stationnomade.com\/blog\/wp-json\/wp\/v2\/categories?post=4459"},{"taxonomy":"post_tag","embeddable":true,"href":"https:\/\/stationnomade.com\/blog\/wp-json\/wp\/v2\/tags?post=4459"}],"curies":[{"name":"wp","href":"https:\/\/api.w.org\/{rel}","templated":true}]}}