{"id":4673,"date":"2025-07-04T11:18:03","date_gmt":"2025-07-04T09:18:03","guid":{"rendered":"https:\/\/stationnomade.com\/blog\/capacite-extensible-definition\/"},"modified":"2025-07-04T11:18:03","modified_gmt":"2025-07-04T09:18:03","slug":"capacite-extensible-definition","status":"publish","type":"post","link":"https:\/\/stationnomade.com\/blog\/capacite-extensible-definition\/","title":{"rendered":"Capacit\u00e9 extensible : \u00e0 quoi \u00e7a correspond ?"},"content":{"rendered":"<p>Choisir un appareil adapt\u00e9 \u00e0 ses besoins passe souvent par comprendre des termes techniques qui peuvent para\u00eetre abstraits \u00e0 premi\u00e8re vue. Avec la multiplication des options sur le march\u00e9 \u2014 notamment chez IKEA, Decathlon ou Boulanger \u2014 on entend souvent parler de \u00ab capacit\u00e9 extensible \u00bb. Mais \u00e0 quoi cela correspond-il concr\u00e8tement, surtout pour une station \u00e9lectrique portable ou un smartphone ? Cette notion refl\u00e8te la possibilit\u00e9 d\u2019augmenter l\u2019espace de stockage ou d\u2019\u00e9nergie disponible, une caract\u00e9ristique pr\u00e9cieuse pour quiconque cherche plus de souplesse et d\u2019autonomie dans ses \u00e9quipements nomades ou domestiques.<\/p>\n\n<div id=\"ez-toc-container\" class=\"ez-toc-v2_0_82_2 counter-hierarchy ez-toc-counter ez-toc-grey ez-toc-container-direction\">\n<div class=\"ez-toc-title-container\">\n<p class=\"ez-toc-title\" style=\"cursor:inherit\">Sommaire<\/p>\n<span class=\"ez-toc-title-toggle\"><a href=\"#\" class=\"ez-toc-pull-right ez-toc-btn ez-toc-btn-xs ez-toc-btn-default ez-toc-toggle\" aria-label=\"Toggle Table of Content\"><span class=\"ez-toc-js-icon-con\"><span class=\"\"><span class=\"eztoc-hide\" style=\"display:none;\">Toggle<\/span><span class=\"ez-toc-icon-toggle-span\"><svg style=\"fill: #999;color:#999\" xmlns=\"http:\/\/www.w3.org\/2000\/svg\" class=\"list-377408\" width=\"20px\" height=\"20px\" viewBox=\"0 0 24 24\" fill=\"none\"><path d=\"M6 6H4v2h2V6zm14 0H8v2h12V6zM4 11h2v2H4v-2zm16 0H8v2h12v-2zM4 16h2v2H4v-2zm16 0H8v2h12v-2z\" fill=\"currentColor\"><\/path><\/svg><svg style=\"fill: #999;color:#999\" class=\"arrow-unsorted-368013\" xmlns=\"http:\/\/www.w3.org\/2000\/svg\" width=\"10px\" height=\"10px\" viewBox=\"0 0 24 24\" version=\"1.2\" baseProfile=\"tiny\"><path d=\"M18.2 9.3l-6.2-6.3-6.2 6.3c-.2.2-.3.4-.3.7s.1.5.3.7c.2.2.4.3.7.3h11c.3 0 .5-.1.7-.3.2-.2.3-.5.3-.7s-.1-.5-.3-.7zM5.8 14.7l6.2 6.3 6.2-6.3c.2-.2.3-.5.3-.7s-.1-.5-.3-.7c-.2-.2-.4-.3-.7-.3h-11c-.3 0-.5.1-.7.3-.2.2-.3.5-.3.7s.1.5.3.7z\"\/><\/svg><\/span><\/span><\/span><\/a><\/span><\/div>\n<nav><ul class='ez-toc-list ez-toc-list-level-1 eztoc-toggle-hide-by-default' ><li class='ez-toc-page-1 ez-toc-heading-level-2'><a class=\"ez-toc-link ez-toc-heading-1\" href=\"https:\/\/stationnomade.com\/blog\/capacite-extensible-definition\/#definition-claire-et-simple-de-la-capacite-extensible\" >D\u00e9finition claire et simple de la capacit\u00e9 extensible<\/a><\/li><li class='ez-toc-page-1 ez-toc-heading-level-2'><a class=\"ez-toc-link ez-toc-heading-2\" href=\"https:\/\/stationnomade.com\/blog\/capacite-extensible-definition\/#pourquoi-la-capacite-extensible-est-un-atout-pour-vos-equipements-nomades-et-domestiques\" >Pourquoi la capacit\u00e9 extensible est un atout pour vos \u00e9quipements nomades et domestiques<\/a><ul class='ez-toc-list-level-3' ><li class='ez-toc-heading-level-3'><a class=\"ez-toc-link ez-toc-heading-3\" href=\"https:\/\/stationnomade.com\/blog\/capacite-extensible-definition\/#exemple-concret-optimiser-sa-station-electrique-nomade\" >Exemple concret : optimiser sa station \u00e9lectrique nomade<\/a><\/li><\/ul><\/li><li class='ez-toc-page-1 ez-toc-heading-level-2'><a class=\"ez-toc-link ez-toc-heading-4\" href=\"https:\/\/stationnomade.com\/blog\/capacite-extensible-definition\/#capacite-extensible-le-critere-a-verifier-avant-lachat\" >Capacit\u00e9 extensible : le crit\u00e8re \u00e0 v\u00e9rifier avant l\u2019achat<\/a><\/li><li class='ez-toc-page-1 ez-toc-heading-level-2'><a class=\"ez-toc-link ez-toc-heading-5\" href=\"https:\/\/stationnomade.com\/blog\/capacite-extensible-definition\/#capacite-extensible-et-stockage-numerique-cartons-pleins-ou-espaces-a-rallonge\" >Capacit\u00e9 extensible et stockage num\u00e9rique : cartons pleins ou espaces \u00e0 rallonge ?<\/a><ul class='ez-toc-list-level-3' ><li class='ez-toc-heading-level-3'><a class=\"ez-toc-link ez-toc-heading-6\" href=\"https:\/\/stationnomade.com\/blog\/capacite-extensible-definition\/#pourquoi-privilegier-128-go-minimum-et-un-espace-extensible\" >Pourquoi privil\u00e9gier 128 Go minimum et un espace extensible ?<\/a><\/li><\/ul><\/li><li class='ez-toc-page-1 ez-toc-heading-level-2'><a class=\"ez-toc-link ez-toc-heading-7\" href=\"https:\/\/stationnomade.com\/blog\/capacite-extensible-definition\/#conseils-pratiques-pour-gerer-votre-capacite-extensible-efficacement\" >Conseils pratiques pour g\u00e9rer votre capacit\u00e9 extensible efficacement<\/a><ul class='ez-toc-list-level-3' ><li class='ez-toc-heading-level-3'><a class=\"ez-toc-link ez-toc-heading-8\" href=\"https:\/\/stationnomade.com\/blog\/capacite-extensible-definition\/#un-regard-vers-lautonomie-energetique-grace-a-la-capacite-extensible\" >Un regard vers l\u2019autonomie \u00e9nerg\u00e9tique gr\u00e2ce \u00e0 la capacit\u00e9 extensible<\/a><\/li><\/ul><\/li><li class='ez-toc-page-1 ez-toc-heading-level-2'><a class=\"ez-toc-link ez-toc-heading-9\" href=\"https:\/\/stationnomade.com\/blog\/capacite-extensible-definition\/#faq-sur-la-capacite-extensible-ce-quil-faut-savoir-dessentiel\" >FAQ sur la capacit\u00e9 extensible : ce qu&rsquo;il faut savoir d\u2019essentiel<\/a><\/li><\/ul><\/nav><\/div>\n<h2 class=\"wp-block-heading\"><span class=\"ez-toc-section\" id=\"definition-claire-et-simple-de-la-capacite-extensible\"><\/span>D\u00e9finition claire et simple de la capacit\u00e9 extensible<span class=\"ez-toc-section-end\"><\/span><\/h2>\n\n<p><strong>La capacit\u00e9 extensible<\/strong> d\u00e9signe la possibilit\u00e9 d\u2019augmenter la capacit\u00e9 initiale d\u2019un appareil, que ce soit en stockage de donn\u00e9es (comme sur un smartphone) ou en \u00e9nergie (comme une station \u00e9lectrique portable). Imaginez une valise que vous pouvez agrandir pour y mettre plus de v\u00eatements sans devoir en changer : c\u2019est le m\u00eame principe appliqu\u00e9 \u00e0 un produit technique. Cette fonction permet d\u2019ajuster le volume disponible selon vos besoins r\u00e9els.<\/p>\n\n<figure class=\"wp-block-image size-full\"><img loading=\"lazy\" decoding=\"async\" width=\"2560\" height=\"1429\" src=\"https:\/\/stationnomade.com\/blog\/wp-content\/uploads\/2025\/07\/Capacite-extensible-a-quoi-ca-correspond-1-1-scaled.jpg\" alt=\"d\u00e9couvrez la notion de capacit\u00e9 extensible et sonimportance dans divers domaines. apprenez comment elle permet d&#039;ajuster les ressources et les performances en fonction des besoins, tout en garantissant une efficacit\u00e9 optimale.\" class=\"wp-image-4672\" srcset=\"https:\/\/stationnomade.com\/blog\/wp-content\/uploads\/2025\/07\/Capacite-extensible-a-quoi-ca-correspond-1-1-scaled.jpg 2560w, https:\/\/stationnomade.com\/blog\/wp-content\/uploads\/2025\/07\/Capacite-extensible-a-quoi-ca-correspond-1-1-300x167.jpg 300w, https:\/\/stationnomade.com\/blog\/wp-content\/uploads\/2025\/07\/Capacite-extensible-a-quoi-ca-correspond-1-1-1024x572.jpg 1024w, https:\/\/stationnomade.com\/blog\/wp-content\/uploads\/2025\/07\/Capacite-extensible-a-quoi-ca-correspond-1-1-768x429.jpg 768w, https:\/\/stationnomade.com\/blog\/wp-content\/uploads\/2025\/07\/Capacite-extensible-a-quoi-ca-correspond-1-1-1536x857.jpg 1536w, https:\/\/stationnomade.com\/blog\/wp-content\/uploads\/2025\/07\/Capacite-extensible-a-quoi-ca-correspond-1-1-2048x1143.jpg 2048w\" sizes=\"auto, (max-width: 2560px) 100vw, 2560px\" \/><\/figure>\n\n<h2 class=\"wp-block-heading\"><span class=\"ez-toc-section\" id=\"pourquoi-la-capacite-extensible-est-un-atout-pour-vos-equipements-nomades-et-domestiques\"><\/span>Pourquoi la capacit\u00e9 extensible est un atout pour vos \u00e9quipements nomades et domestiques<span class=\"ez-toc-section-end\"><\/span><\/h2>\n\n<p>Adopter un appareil avec une capacit\u00e9 extensible, c\u2019est s\u2019offrir de la flexibilit\u00e9 et anticiper ses besoins futurs, \u00e9viter les frustrations li\u00e9es \u00e0 un stockage satur\u00e9 ou une batterie insuffisante. Un vanlifer, par exemple, pourra augmenter sa station \u00e9lectrique nomade en ajoutant des batteries suppl\u00e9mentaires au fil de ses voyages, optimisant ainsi son autonomie sans changer de mat\u00e9riel de base. De la m\u00eame fa\u00e7on, un smartphone compatible avec une carte Micro SD offre la possibilit\u00e9 d\u2019augmenter son stockage facilement, ce qui est tr\u00e8s pratique quand on aime prendre photos et vid\u00e9os.<\/p>\n\n<ul class=\"wp-block-list\"><li>\ud83d\udd0b <strong>Station \u00e9lectrique portable<\/strong> : ajout de batteries auxiliaires pour prolonger l&rsquo;autonomie<\/li><li>\ud83d\udcbe <strong>Smartphone \/ tablette<\/strong> : extension par carte Micro SD compatible<\/li><li>\ud83d\udce6 <strong>Ordinateurs<\/strong> : modules SSD additionnels ou disques durs externes<\/li><li>\u26a1 <strong>Equipements domestiques<\/strong> : cumuler des syst\u00e8mes d&rsquo;\u00e9nergie renouvelable pour plus d&rsquo;ind\u00e9pendance<\/li><\/ul>\n\n<h3 class=\"wp-block-heading\"><span class=\"ez-toc-section\" id=\"exemple-concret-optimiser-sa-station-electrique-nomade\"><\/span>Exemple concret : optimiser sa station \u00e9lectrique nomade<span class=\"ez-toc-section-end\"><\/span><\/h3>\n\n<p>J\u2019ai pu constater \u00e0 de nombreuses reprises que choisir une station \u00e9lectrique avec capacit\u00e9 extensible est un vrai gain au quotidien, notamment si vous combinez l\u2019appareil avec des panneaux solaires portables. Cette capacit\u00e9 permet de <a href=\"https:\/\/stationnomade.com\/blog\/recharge-solaire-station\/\">recharger la station via le soleil<\/a> puis de brancher facilement des batteries additionnelles selon la puissance n\u00e9cessaire. Vous \u00e9vitez ainsi d\u2019acheter un nouveau mod\u00e8le d\u00e8s que vos besoins augmentent, comme le recommande aussi Leroy Merlin pour les installations modulaires d\u2019\u00e9nergie renouvelable.<\/p>\n\n<h2 class=\"wp-block-heading\"><span class=\"ez-toc-section\" id=\"capacite-extensible-le-critere-a-verifier-avant-lachat\"><\/span>Capacit\u00e9 extensible : le crit\u00e8re \u00e0 v\u00e9rifier avant l\u2019achat<span class=\"ez-toc-section-end\"><\/span><\/h2>\n\n<p>Avant de faire confiance \u00e0 des marques populaires comme Conforama, Castorama ou Alin\u00e9a, il faut bien savoir quel est le volume maximal que votre produit peut atteindre. Cette limite, souvent pr\u00e9cis\u00e9e dans la fiche technique, peut grandement influencer votre satisfaction future. Voici les points cl\u00e9s \u00e0 contr\u00f4ler :<\/p>\n\n<ul class=\"wp-block-list\"><li>\ud83d\udcc8 <strong>Capacit\u00e9 maximale support\u00e9e<\/strong> par le syst\u00e8me d\u2019extension (ex : nombre de modules suppl\u00e9mentaires accept\u00e9s)<\/li><li>\ud83d\udd0c <strong>Compatibilit\u00e9 des accessoires<\/strong> entre la station principale et les modules d\u2019extension<\/li><li>\u2699\ufe0f <strong>Facilit\u00e9 d&rsquo;installation<\/strong> : il est pr\u00e9f\u00e9rable d\u2019opter pour un syst\u00e8me \u201cplug and play\u201d plut\u00f4t que pour un montage complexe<\/li><li>\ud83d\udcb0 <strong>Co\u00fbt des extensions<\/strong> pour \u00e9valuer si l\u2019investissement reste raisonnable face \u00e0 un nouvel achat complet<\/li><\/ul>\n\n<figure class=\"wp-block-table\"><table>\n<thead>\n<tr>\n<th>Crit\u00e8re \ud83d\udd0d<\/th>\n<th>\u00c0 v\u00e9rifier \ud83d\udca1<\/th>\n<th>Exemple pratique \ud83d\udee0\ufe0f<\/th>\n<\/tr>\n<\/thead>\n<tbody>\n<tr>\n<td>Capacit\u00e9 maximale<\/td>\n<td>Nombre de modules additionnels accept\u00e9s<\/td>\n<td>Station EcoFlow Delta 2 permet jusqu\u2019\u00e0 5 batteries suppl\u00e9mentaires<\/td>\n<\/tr>\n<tr>\n<td>Compatibilit\u00e9 accessoires<\/td>\n<td>Connecteurs et protocoles identiques<\/td>\n<td>Station Jackery Explorer 240 compatible uniquement avec certains panneaux solaires<\/td>\n<\/tr>\n<tr>\n<td>Installation<\/td>\n<td>\u00c9tapes simples et rapides<\/td>\n<td>Plug and play chez Zendure SolarFlow Hyper 2000<\/td>\n<\/tr>\n<tr>\n<td>Co\u00fbt<\/td>\n<td>Prix des batteries ou cartes additionnelles<\/td>\n<td>Batteries additionnelles LifePO4 chez Boulanger \u00e0 partir de 350 \u20ac<\/td>\n<\/tr>\n<\/tbody>\n<\/table><\/figure>\n\n<h2 class=\"wp-block-heading\"><span class=\"ez-toc-section\" id=\"capacite-extensible-et-stockage-numerique-cartons-pleins-ou-espaces-a-rallonge\"><\/span>Capacit\u00e9 extensible et stockage num\u00e9rique : cartons pleins ou espaces \u00e0 rallonge ?<span class=\"ez-toc-section-end\"><\/span><\/h2>\n\n<p>Avec l\u2019av\u00e8nement du num\u00e9rique, le stockage sur smartphone, tablette ou ordinateur est devenu une pr\u00e9occupation majeure. Les appareils vendus chez Cdiscount ou Habitat affichent souvent une capacit\u00e9 fixe de 64 Go, 128 Go ou plus, mais certains ont la possibilit\u00e9 d\u2019\u00eatre \u00e9quip\u00e9s d\u2019une carte Micro SD, ce qui \u00e9tend leur <strong>capacit\u00e9 extensible<\/strong>.<\/p>\n\n<ul class=\"wp-block-list\"><li>\ud83d\udcf1 Un smartphone avec 128 Go mais extensible par Micro SD (jusqu\u2019\u00e0 512 Go) s\u2019adapte largement \u00e0 un usage photo, vid\u00e9o ou jeux<\/li><li>\ud83d\udcbb Un ordinateur portable avec stockage SSD de base peut \u00eatre compl\u00e9t\u00e9 par un disque dur externe pour le travail professionnel<\/li><li>\ud83d\udce6 \u00c0 d\u00e9faut de capacit\u00e9 extensible, la saturation rapide limite la fluidit\u00e9 d\u2019utilisation, voire emp\u00eache des op\u00e9rations quotidiennes<\/li><\/ul>\n\n<h3 class=\"wp-block-heading\"><span class=\"ez-toc-section\" id=\"pourquoi-privilegier-128-go-minimum-et-un-espace-extensible\"><\/span>Pourquoi privil\u00e9gier 128 Go minimum et un espace extensible ?<span class=\"ez-toc-section-end\"><\/span><\/h3>\n\n<p>Je conseille g\u00e9n\u00e9ralement de commencer avec une m\u00e9moire int\u00e9gr\u00e9e d\u2019au moins <strong>128 Go<\/strong>. Cela \u00e9vite d\u2019\u00eatre \u00e0 l\u2019\u00e9troit d\u00e8s les premiers mois, surtout si vous aimez photographier vos aventures ou t\u00e9l\u00e9charger un grand nombre d\u2019applications.<\/p>\n\n<p>Pour autant, disposer d\u2019une <em>capacit\u00e9 extensible<\/em> via une carte Micro SD, c\u2019est un vrai confort suppl\u00e9mentaire. Vous pouvez en rajouter quand vous en ressentez le besoin sans remplacer votre t\u00e9l\u00e9phone ou tablette.<\/p>\n\n<figure class=\"is-provider-youtube is-type-video wp-block-embed wp-block-embed-youtube wp-embed-aspect-16-9 wp-has-aspect-ratio\"><div class=\"wp-block-embed__wrapper\">\n<div class=\"container-lazyload preview-lazyload container-youtube js-lazyload--not-loaded\"><a href=\"https:\/\/www.youtube.com\/watch?v=L0SDj8zAcFI\" class=\"lazy-load-youtube preview-lazyload preview-youtube\" data-video-title=\"Tuto couture #13 - Comment faire un ourlet \u00e0 la recouvreuse ?\" title=\"Play video &quot;Tuto couture #13 - Comment faire un ourlet \u00e0 la recouvreuse ?&quot;\">https:\/\/www.youtube.com\/watch?v=L0SDj8zAcFI<\/a><noscript>Video can&rsquo;t be loaded because JavaScript is disabled: <a href=\"https:\/\/www.youtube.com\/watch?v=L0SDj8zAcFI\" title=\"Tuto couture #13 - Comment faire un ourlet \u00e0 la recouvreuse ?\">Tuto couture #13 &#8211; Comment faire un ourlet \u00e0 la recouvreuse ? (https:\/\/www.youtube.com\/watch?v=L0SDj8zAcFI)<\/a><\/noscript><\/div>\n<\/div><\/figure>\n\n<h2 class=\"wp-block-heading\"><span class=\"ez-toc-section\" id=\"conseils-pratiques-pour-gerer-votre-capacite-extensible-efficacement\"><\/span>Conseils pratiques pour g\u00e9rer votre capacit\u00e9 extensible efficacement<span class=\"ez-toc-section-end\"><\/span><\/h2>\n\n<p>Que ce soit pour votre station \u00e9lectrique ou vos appareils num\u00e9riques, voici mes astuces pour bien exploiter la capacit\u00e9 extensible :<\/p>\n\n<ul class=\"wp-block-list\"><li>\u2705 <strong>Planifiez vos besoins<\/strong> avant d\u2019acheter : estimez votre consommation ou volume n\u00e9cessaire<\/li><li>\u2705 <strong>Investissez dans des extensions compatibles<\/strong> : un module non compatible est inutile<\/li><li>\u2705 <strong>Priorisez la simplicit\u00e9 d\u2019ajout<\/strong> : pr\u00e9f\u00e9rez les syst\u00e8mes plug and play pour gagner du temps<\/li><li>\u2705 <strong>Consid\u00e9rez aussi le stockage cloud<\/strong> comme chez Google Photos ou iCloud pour liberar rapidement de l\u2019espace<\/li><li>\u2705 <strong>Entretenez r\u00e9guli\u00e8rement vos modules<\/strong> pour maintenir les performances dans le temps<\/li><\/ul>\n\n<h3 class=\"wp-block-heading\"><span class=\"ez-toc-section\" id=\"un-regard-vers-lautonomie-energetique-grace-a-la-capacite-extensible\"><\/span>Un regard vers l\u2019autonomie \u00e9nerg\u00e9tique gr\u00e2ce \u00e0 la capacit\u00e9 extensible<span class=\"ez-toc-section-end\"><\/span><\/h3>\n\n<p>Pour ceux qui vivent en tiny house ou en van \u00e0 l\u2019image du combi VW iconique, une station \u00e9lectrique portable avec possibilit\u00e9 d\u2019extension s\u2019impose. Cela permet d\u2019alimenter son frigo 12V, lumi\u00e8res LED, routeur WiFi, et autres \u00e9quipements, tout en restant ma\u00eetre de sa consommation \u00e9nerg\u00e9tique \u2014 une d\u00e9marche \u00e0 retrouver dans ce <a href=\"https:\/\/stationnomade.com\/blog\/tiny-house-vanlife\/\">guide d\u00e9di\u00e9 \u00e0 la tiny house et vanlife<\/a>.<\/p>\n\n<figure class=\"is-provider-youtube is-type-video wp-block-embed wp-block-embed-youtube wp-embed-aspect-16-9 wp-has-aspect-ratio\"><div class=\"wp-block-embed__wrapper\">\n<div class=\"container-lazyload preview-lazyload container-youtube js-lazyload--not-loaded\"><a href=\"https:\/\/www.youtube.com\/watch?v=VMWmEAryBjw\" class=\"lazy-load-youtube preview-lazyload preview-youtube\" data-video-title=\"SAVOIR REGLER LA LONGUEUR DU POINT DROIT &amp; EXTENSIBLE : assembler, surpiquer, b\u00e2tir (tuto couture)\" title=\"Play video &quot;SAVOIR REGLER LA LONGUEUR DU POINT DROIT &amp; EXTENSIBLE : assembler, surpiquer, b\u00e2tir (tuto couture)&quot;\">https:\/\/www.youtube.com\/watch?v=VMWmEAryBjw<\/a><noscript>Video can&rsquo;t be loaded because JavaScript is disabled: <a href=\"https:\/\/www.youtube.com\/watch?v=VMWmEAryBjw\" title=\"SAVOIR REGLER LA LONGUEUR DU POINT DROIT &amp; EXTENSIBLE : assembler, surpiquer, b\u00e2tir (tuto couture)\">SAVOIR REGLER LA LONGUEUR DU POINT DROIT &amp; EXTENSIBLE : assembler, surpiquer, b\u00e2tir (tuto couture) (https:\/\/www.youtube.com\/watch?v=VMWmEAryBjw)<\/a><\/noscript><\/div>\n<\/div><\/figure>\n\n<h2 class=\"wp-block-heading\"><span class=\"ez-toc-section\" id=\"faq-sur-la-capacite-extensible-ce-quil-faut-savoir-dessentiel\"><\/span>FAQ sur la capacit\u00e9 extensible : ce qu&rsquo;il faut savoir d\u2019essentiel<span class=\"ez-toc-section-end\"><\/span><\/h2>\n\n<ul class=\"wp-block-list\"><li>\u2753 <strong>Est-ce que toutes les stations \u00e9lectriques portables ont une capacit\u00e9 extensible ?<\/strong><br>Non, certaines sont limit\u00e9es \u00e0 leur batterie interne, il faut bien v\u00e9rifier les sp\u00e9cifications avant achat.<\/li><li>\u2753 <strong>Comment savoir si mon smartphone accepte une carte Micro SD ?<\/strong><br>Regardez la fiche technique ou testez la pr\u00e9sence d\u2019un slot carte m\u00e9moire compatible.<\/li><li>\u2753 <strong>Peut-on augmenter la capacit\u00e9 extensible en autonomie solaire ?<\/strong><br>Oui, avec des panneaux solaires suppl\u00e9mentaires adapt\u00e9s au syst\u00e8me, comme expliqu\u00e9 ici <a href=\"https:\/\/stationnomade.com\/blog\/comment-recharger-sa-station-electrique-portable-avec-un-panneau-solaire\/\">comment recharger une station \u00e9lectrique portable avec un panneau solaire<\/a>.<\/li><li>\u2753 <strong>Les extensions sont-elles toujours faciles \u00e0 installer ?<\/strong><br>La plupart du temps oui, mais pr\u00e9f\u00e9rez les solutions plug and play pour \u00e9viter les installations compliqu\u00e9es.<\/li><li>\u2753 <strong>La capacit\u00e9 extensible est-elle un gage de long\u00e9vit\u00e9 ?<\/strong><br>Pas directement, mais elle permet d\u2019\u00e9voluer sans remplacer compl\u00e8tement son \u00e9quipement.<\/li><\/ul>\n\n","protected":false},"excerpt":{"rendered":"<p>Choisir un appareil adapt\u00e9 \u00e0 ses besoins passe souvent par comprendre des termes techniques qui peuvent para\u00eetre abstraits \u00e0 premi\u00e8re&#8230;<\/p>\n","protected":false},"author":6,"featured_media":4671,"comment_status":"","ping_status":"","sticky":false,"template":"","format":"standard","meta":{"_kadence_starter_templates_imported_post":false,"_kad_post_transparent":"","_kad_post_title":"","_kad_post_layout":"","_kad_post_sidebar_id":"","_kad_post_content_style":"","_kad_post_vertical_padding":"","_kad_post_feature":"","_kad_post_feature_position":"","_kad_post_header":false,"_kad_post_footer":false,"_kad_post_classname":"","footnotes":""},"categories":[62],"tags":[],"class_list":["post-4673","post","type-post","status-publish","format-standard","has-post-thumbnail","hentry","category-lexique"],"yoast_head":"<!-- This site is optimized with the Yoast SEO plugin v27.4 - https:\/\/yoast.com\/product\/yoast-seo-wordpress\/ -->\n<title>\u25b7 Capacit\u00e9 extensible : \u00e0 quoi \u00e7a correspond ?<\/title>\n<meta name=\"description\" content=\"D\u00e9couvrez ce qu&#039;est la capacit\u00e9 extensible, son utilit\u00e9 et comment elle optimise la gestion de vos ressources selon vos besoins.\" \/>\n<meta name=\"robots\" content=\"index, follow, max-snippet:-1, max-image-preview:large, max-video-preview:-1\" \/>\n<link rel=\"canonical\" href=\"https:\/\/stationnomade.com\/blog\/capacite-extensible-definition\/\" \/>\n<meta property=\"og:locale\" content=\"fr_FR\" \/>\n<meta property=\"og:type\" content=\"article\" \/>\n<meta property=\"og:title\" content=\"\u25b7 Capacit\u00e9 extensible : \u00e0 quoi \u00e7a correspond ?\" \/>\n<meta property=\"og:description\" content=\"D\u00e9couvrez ce qu&#039;est la capacit\u00e9 extensible, son utilit\u00e9 et comment elle optimise la gestion de vos ressources selon vos besoins.\" \/>\n<meta property=\"og:url\" content=\"https:\/\/stationnomade.com\/blog\/capacite-extensible-definition\/\" \/>\n<meta property=\"og:site_name\" content=\"Station Nomade\" \/>\n<meta property=\"article:published_time\" content=\"2025-07-04T09:18:03+00:00\" \/>\n<meta property=\"og:image\" content=\"https:\/\/stationnomade.com\/blog\/wp-content\/uploads\/2025\/07\/Capacite-extensible-a-quoi-ca-correspond--scaled.jpg\" \/>\n\t<meta property=\"og:image:width\" content=\"2560\" \/>\n\t<meta property=\"og:image:height\" content=\"1429\" \/>\n\t<meta property=\"og:image:type\" content=\"image\/jpeg\" \/>\n<meta name=\"author\" content=\"Julien Digital Nomad\" \/>\n<meta name=\"twitter:card\" content=\"summary_large_image\" \/>\n<meta name=\"twitter:label1\" content=\"\u00c9crit par\" \/>\n\t<meta name=\"twitter:data1\" content=\"Julien Digital Nomad\" \/>\n\t<meta name=\"twitter:label2\" content=\"Dur\u00e9e de lecture estim\u00e9e\" \/>\n\t<meta name=\"twitter:data2\" content=\"6 minutes\" \/>\n<script type=\"application\/ld+json\" class=\"yoast-schema-graph\">{\"@context\":\"https:\\\/\\\/schema.org\",\"@graph\":[{\"@type\":\"Article\",\"@id\":\"https:\\\/\\\/stationnomade.com\\\/blog\\\/capacite-extensible-definition\\\/#article\",\"isPartOf\":{\"@id\":\"https:\\\/\\\/stationnomade.com\\\/blog\\\/capacite-extensible-definition\\\/\"},\"author\":{\"name\":\"Julien Digital Nomad\",\"@id\":\"https:\\\/\\\/stationnomade.com\\\/blog\\\/#\\\/schema\\\/person\\\/ca0ddfbbea8ab1175757b9269d4e05b0\"},\"headline\":\"Capacit\u00e9 extensible : \u00e0 quoi \u00e7a correspond ?\",\"datePublished\":\"2025-07-04T09:18:03+00:00\",\"mainEntityOfPage\":{\"@id\":\"https:\\\/\\\/stationnomade.com\\\/blog\\\/capacite-extensible-definition\\\/\"},\"wordCount\":1184,\"image\":{\"@id\":\"https:\\\/\\\/stationnomade.com\\\/blog\\\/capacite-extensible-definition\\\/#primaryimage\"},\"thumbnailUrl\":\"https:\\\/\\\/stationnomade.com\\\/blog\\\/wp-content\\\/uploads\\\/2025\\\/07\\\/Capacite-extensible-a-quoi-ca-correspond--scaled.jpg\",\"articleSection\":[\"Lexique\"],\"inLanguage\":\"fr-FR\"},{\"@type\":\"WebPage\",\"@id\":\"https:\\\/\\\/stationnomade.com\\\/blog\\\/capacite-extensible-definition\\\/\",\"url\":\"https:\\\/\\\/stationnomade.com\\\/blog\\\/capacite-extensible-definition\\\/\",\"name\":\"\u25b7 Capacit\u00e9 extensible : \u00e0 quoi \u00e7a correspond ?\",\"isPartOf\":{\"@id\":\"https:\\\/\\\/stationnomade.com\\\/blog\\\/#website\"},\"primaryImageOfPage\":{\"@id\":\"https:\\\/\\\/stationnomade.com\\\/blog\\\/capacite-extensible-definition\\\/#primaryimage\"},\"image\":{\"@id\":\"https:\\\/\\\/stationnomade.com\\\/blog\\\/capacite-extensible-definition\\\/#primaryimage\"},\"thumbnailUrl\":\"https:\\\/\\\/stationnomade.com\\\/blog\\\/wp-content\\\/uploads\\\/2025\\\/07\\\/Capacite-extensible-a-quoi-ca-correspond--scaled.jpg\",\"datePublished\":\"2025-07-04T09:18:03+00:00\",\"author\":{\"@id\":\"https:\\\/\\\/stationnomade.com\\\/blog\\\/#\\\/schema\\\/person\\\/ca0ddfbbea8ab1175757b9269d4e05b0\"},\"description\":\"D\u00e9couvrez ce qu'est la capacit\u00e9 extensible, son utilit\u00e9 et comment elle optimise la gestion de vos ressources selon vos besoins.\",\"breadcrumb\":{\"@id\":\"https:\\\/\\\/stationnomade.com\\\/blog\\\/capacite-extensible-definition\\\/#breadcrumb\"},\"inLanguage\":\"fr-FR\",\"potentialAction\":[{\"@type\":\"ReadAction\",\"target\":[\"https:\\\/\\\/stationnomade.com\\\/blog\\\/capacite-extensible-definition\\\/\"]}]},{\"@type\":\"ImageObject\",\"inLanguage\":\"fr-FR\",\"@id\":\"https:\\\/\\\/stationnomade.com\\\/blog\\\/capacite-extensible-definition\\\/#primaryimage\",\"url\":\"https:\\\/\\\/stationnomade.com\\\/blog\\\/wp-content\\\/uploads\\\/2025\\\/07\\\/Capacite-extensible-a-quoi-ca-correspond--scaled.jpg\",\"contentUrl\":\"https:\\\/\\\/stationnomade.com\\\/blog\\\/wp-content\\\/uploads\\\/2025\\\/07\\\/Capacite-extensible-a-quoi-ca-correspond--scaled.jpg\",\"width\":2560,\"height\":1429,\"caption\":\"d\u00e9couvrez ce que signifie la capacit\u00e9 extensible et son importance dans divers domaines. comprenez comment cette caract\u00e9ristique influence la performance des syst\u00e8mes et des services, tout en vous permettant d'anticiper vos besoins futurs.\"},{\"@type\":\"BreadcrumbList\",\"@id\":\"https:\\\/\\\/stationnomade.com\\\/blog\\\/capacite-extensible-definition\\\/#breadcrumb\",\"itemListElement\":[{\"@type\":\"ListItem\",\"position\":1,\"name\":\"Accueil\",\"item\":\"https:\\\/\\\/stationnomade.com\\\/blog\\\/\"},{\"@type\":\"ListItem\",\"position\":2,\"name\":\"Non class\u00e9\",\"item\":\"https:\\\/\\\/stationnomade.com\\\/blog\\\/non-classe\\\/\"},{\"@type\":\"ListItem\",\"position\":3,\"name\":\"Capacit\u00e9 extensible : \u00e0 quoi \u00e7a correspond ?\"}]},{\"@type\":\"WebSite\",\"@id\":\"https:\\\/\\\/stationnomade.com\\\/blog\\\/#website\",\"url\":\"https:\\\/\\\/stationnomade.com\\\/blog\\\/\",\"name\":\"Station Nomade\",\"description\":\"Le guide des solutions d\u2019\u00e9nergie autonome pour les voyageurs, vanlifers, campeurs et adeptes de la vie off-grid.\",\"potentialAction\":[{\"@type\":\"SearchAction\",\"target\":{\"@type\":\"EntryPoint\",\"urlTemplate\":\"https:\\\/\\\/stationnomade.com\\\/blog\\\/?s={search_term_string}\"},\"query-input\":{\"@type\":\"PropertyValueSpecification\",\"valueRequired\":true,\"valueName\":\"search_term_string\"}}],\"inLanguage\":\"fr-FR\"},{\"@type\":\"Person\",\"@id\":\"https:\\\/\\\/stationnomade.com\\\/blog\\\/#\\\/schema\\\/person\\\/ca0ddfbbea8ab1175757b9269d4e05b0\",\"name\":\"Julien Digital Nomad\",\"image\":{\"@type\":\"ImageObject\",\"inLanguage\":\"fr-FR\",\"@id\":\"https:\\\/\\\/secure.gravatar.com\\\/avatar\\\/?s=96&d=identicon&r=g\",\"url\":\"https:\\\/\\\/secure.gravatar.com\\\/avatar\\\/?s=96&d=identicon&r=g\",\"contentUrl\":\"https:\\\/\\\/secure.gravatar.com\\\/avatar\\\/?s=96&d=identicon&r=g\",\"caption\":\"Julien Digital Nomad\"},\"description\":\"Sp\u00e9cialiste en solutions Nomad Life, j'accompagne les professionnels et les aventuriers dans leur qu\u00eate d'un mode de vie flexible et enrichissant. Fort de mes 43 ans d'exp\u00e9rience de vie, je mets \u00e0 votre disposition mon expertise pour transformer vos r\u00eaves de libert\u00e9 en r\u00e9alit\u00e9.\"}]}<\/script>\n<!-- \/ Yoast SEO plugin. -->","yoast_head_json":{"title":"\u25b7 Capacit\u00e9 extensible : \u00e0 quoi \u00e7a correspond ?","description":"D\u00e9couvrez ce qu'est la capacit\u00e9 extensible, son utilit\u00e9 et comment elle optimise la gestion de vos ressources selon vos besoins.","robots":{"index":"index","follow":"follow","max-snippet":"max-snippet:-1","max-image-preview":"max-image-preview:large","max-video-preview":"max-video-preview:-1"},"canonical":"https:\/\/stationnomade.com\/blog\/capacite-extensible-definition\/","og_locale":"fr_FR","og_type":"article","og_title":"\u25b7 Capacit\u00e9 extensible : \u00e0 quoi \u00e7a correspond ?","og_description":"D\u00e9couvrez ce qu'est la capacit\u00e9 extensible, son utilit\u00e9 et comment elle optimise la gestion de vos ressources selon vos besoins.","og_url":"https:\/\/stationnomade.com\/blog\/capacite-extensible-definition\/","og_site_name":"Station Nomade","article_published_time":"2025-07-04T09:18:03+00:00","og_image":[{"width":2560,"height":1429,"url":"https:\/\/stationnomade.com\/blog\/wp-content\/uploads\/2025\/07\/Capacite-extensible-a-quoi-ca-correspond--scaled.jpg","type":"image\/jpeg"}],"author":"Julien Digital Nomad","twitter_card":"summary_large_image","twitter_misc":{"\u00c9crit par":"Julien Digital Nomad","Dur\u00e9e de lecture estim\u00e9e":"6 minutes"},"schema":{"@context":"https:\/\/schema.org","@graph":[{"@type":"Article","@id":"https:\/\/stationnomade.com\/blog\/capacite-extensible-definition\/#article","isPartOf":{"@id":"https:\/\/stationnomade.com\/blog\/capacite-extensible-definition\/"},"author":{"name":"Julien Digital Nomad","@id":"https:\/\/stationnomade.com\/blog\/#\/schema\/person\/ca0ddfbbea8ab1175757b9269d4e05b0"},"headline":"Capacit\u00e9 extensible : \u00e0 quoi \u00e7a correspond ?","datePublished":"2025-07-04T09:18:03+00:00","mainEntityOfPage":{"@id":"https:\/\/stationnomade.com\/blog\/capacite-extensible-definition\/"},"wordCount":1184,"image":{"@id":"https:\/\/stationnomade.com\/blog\/capacite-extensible-definition\/#primaryimage"},"thumbnailUrl":"https:\/\/stationnomade.com\/blog\/wp-content\/uploads\/2025\/07\/Capacite-extensible-a-quoi-ca-correspond--scaled.jpg","articleSection":["Lexique"],"inLanguage":"fr-FR"},{"@type":"WebPage","@id":"https:\/\/stationnomade.com\/blog\/capacite-extensible-definition\/","url":"https:\/\/stationnomade.com\/blog\/capacite-extensible-definition\/","name":"\u25b7 Capacit\u00e9 extensible : \u00e0 quoi \u00e7a correspond ?","isPartOf":{"@id":"https:\/\/stationnomade.com\/blog\/#website"},"primaryImageOfPage":{"@id":"https:\/\/stationnomade.com\/blog\/capacite-extensible-definition\/#primaryimage"},"image":{"@id":"https:\/\/stationnomade.com\/blog\/capacite-extensible-definition\/#primaryimage"},"thumbnailUrl":"https:\/\/stationnomade.com\/blog\/wp-content\/uploads\/2025\/07\/Capacite-extensible-a-quoi-ca-correspond--scaled.jpg","datePublished":"2025-07-04T09:18:03+00:00","author":{"@id":"https:\/\/stationnomade.com\/blog\/#\/schema\/person\/ca0ddfbbea8ab1175757b9269d4e05b0"},"description":"D\u00e9couvrez ce qu'est la capacit\u00e9 extensible, son utilit\u00e9 et comment elle optimise la gestion de vos ressources selon vos besoins.","breadcrumb":{"@id":"https:\/\/stationnomade.com\/blog\/capacite-extensible-definition\/#breadcrumb"},"inLanguage":"fr-FR","potentialAction":[{"@type":"ReadAction","target":["https:\/\/stationnomade.com\/blog\/capacite-extensible-definition\/"]}]},{"@type":"ImageObject","inLanguage":"fr-FR","@id":"https:\/\/stationnomade.com\/blog\/capacite-extensible-definition\/#primaryimage","url":"https:\/\/stationnomade.com\/blog\/wp-content\/uploads\/2025\/07\/Capacite-extensible-a-quoi-ca-correspond--scaled.jpg","contentUrl":"https:\/\/stationnomade.com\/blog\/wp-content\/uploads\/2025\/07\/Capacite-extensible-a-quoi-ca-correspond--scaled.jpg","width":2560,"height":1429,"caption":"d\u00e9couvrez ce que signifie la capacit\u00e9 extensible et son importance dans divers domaines. comprenez comment cette caract\u00e9ristique influence la performance des syst\u00e8mes et des services, tout en vous permettant d'anticiper vos besoins futurs."},{"@type":"BreadcrumbList","@id":"https:\/\/stationnomade.com\/blog\/capacite-extensible-definition\/#breadcrumb","itemListElement":[{"@type":"ListItem","position":1,"name":"Accueil","item":"https:\/\/stationnomade.com\/blog\/"},{"@type":"ListItem","position":2,"name":"Non class\u00e9","item":"https:\/\/stationnomade.com\/blog\/non-classe\/"},{"@type":"ListItem","position":3,"name":"Capacit\u00e9 extensible : \u00e0 quoi \u00e7a correspond ?"}]},{"@type":"WebSite","@id":"https:\/\/stationnomade.com\/blog\/#website","url":"https:\/\/stationnomade.com\/blog\/","name":"Station Nomade","description":"Le guide des solutions d\u2019\u00e9nergie autonome pour les voyageurs, vanlifers, campeurs et adeptes de la vie off-grid.","potentialAction":[{"@type":"SearchAction","target":{"@type":"EntryPoint","urlTemplate":"https:\/\/stationnomade.com\/blog\/?s={search_term_string}"},"query-input":{"@type":"PropertyValueSpecification","valueRequired":true,"valueName":"search_term_string"}}],"inLanguage":"fr-FR"},{"@type":"Person","@id":"https:\/\/stationnomade.com\/blog\/#\/schema\/person\/ca0ddfbbea8ab1175757b9269d4e05b0","name":"Julien Digital Nomad","image":{"@type":"ImageObject","inLanguage":"fr-FR","@id":"https:\/\/secure.gravatar.com\/avatar\/?s=96&d=identicon&r=g","url":"https:\/\/secure.gravatar.com\/avatar\/?s=96&d=identicon&r=g","contentUrl":"https:\/\/secure.gravatar.com\/avatar\/?s=96&d=identicon&r=g","caption":"Julien Digital Nomad"},"description":"Sp\u00e9cialiste en solutions Nomad Life, j'accompagne les professionnels et les aventuriers dans leur qu\u00eate d'un mode de vie flexible et enrichissant. Fort de mes 43 ans d'exp\u00e9rience de vie, je mets \u00e0 votre disposition mon expertise pour transformer vos r\u00eaves de libert\u00e9 en r\u00e9alit\u00e9."}]}},"_links":{"self":[{"href":"https:\/\/stationnomade.com\/blog\/wp-json\/wp\/v2\/posts\/4673","targetHints":{"allow":["GET"]}}],"collection":[{"href":"https:\/\/stationnomade.com\/blog\/wp-json\/wp\/v2\/posts"}],"about":[{"href":"https:\/\/stationnomade.com\/blog\/wp-json\/wp\/v2\/types\/post"}],"author":[{"embeddable":true,"href":"https:\/\/stationnomade.com\/blog\/wp-json\/wp\/v2\/users\/6"}],"replies":[{"embeddable":true,"href":"https:\/\/stationnomade.com\/blog\/wp-json\/wp\/v2\/comments?post=4673"}],"version-history":[{"count":0,"href":"https:\/\/stationnomade.com\/blog\/wp-json\/wp\/v2\/posts\/4673\/revisions"}],"wp:featuredmedia":[{"embeddable":true,"href":"https:\/\/stationnomade.com\/blog\/wp-json\/wp\/v2\/media\/4671"}],"wp:attachment":[{"href":"https:\/\/stationnomade.com\/blog\/wp-json\/wp\/v2\/media?parent=4673"}],"wp:term":[{"taxonomy":"category","embeddable":true,"href":"https:\/\/stationnomade.com\/blog\/wp-json\/wp\/v2\/categories?post=4673"},{"taxonomy":"post_tag","embeddable":true,"href":"https:\/\/stationnomade.com\/blog\/wp-json\/wp\/v2\/tags?post=4673"}],"curies":[{"name":"wp","href":"https:\/\/api.w.org\/{rel}","templated":true}]}}